{"id":8341,"date":"2023-04-02T14:35:08","date_gmt":"2023-04-02T14:35:08","guid":{"rendered":"https:\/\/udestinations.es\/?p=8341"},"modified":"2023-04-27T10:15:48","modified_gmt":"2023-04-27T10:15:48","slug":"conocelasemanasantamasantiguadeextremadura","status":"publish","type":"post","link":"https:\/\/udestinations.es\/pt\/conocelasemanasantamasantiguadeextremadura\/","title":{"rendered":"Conhe\u00e7a a Semana da P\u00e1scoa mais antiga da Extremadura"},"content":{"rendered":"<div data-elementor-type=\"wp-post\" data-elementor-id=\"8341\" class=\"elementor elementor-8341\" data-elementor-post-type=\"post\">\n\t\t\t\t\t\t<section data-particle_enable=\"false\" data-particle-mobile-disabled=\"false\" class=\"elementor-section elementor-top-section elementor-element elementor-element-8e6cb9e elementor-section-boxed elementor-section-height-default elementor-section-height-default\" data-id=\"8e6cb9e\" data-element_type=\"section\" data-settings=\"{&quot;background_background&quot;:&quot;classic&quot;}\">\n\t\t\t\t\t\t<div class=\"elementor-container elementor-column-gap-default\">\n\t\t\t\t\t<div class=\"elementor-column elementor-col-100 elementor-top-column elementor-element elementor-element-4adfc69\" data-id=\"4adfc69\" data-element_type=\"column\">\n\t\t\t<div class=\"elementor-widget-wrap elementor-element-populated\">\n\t\t\t\t\t\t<div class=\"elementor-element elementor-element-7730256 elementor-widget elementor-widget-heading\" data-id=\"7730256\" data-element_type=\"widget\" data-widget_type=\"heading.default\">\n\t\t\t\t<div class=\"elementor-widget-container\">\n\t\t\t<style>\/*! elementor - v3.23.0 - 05-08-2024 *\/\n.elementor-heading-title{padding:0;margin:0;line-height:1}.elementor-widget-heading .elementor-heading-title[class*=elementor-size-]>a{color:inherit;font-size:inherit;line-height:inherit}.elementor-widget-heading .elementor-heading-title.elementor-size-small{font-size:15px}.elementor-widget-heading .elementor-heading-title.elementor-size-medium{font-size:19px}.elementor-widget-heading .elementor-heading-title.elementor-size-large{font-size:29px}.elementor-widget-heading .elementor-heading-title.elementor-size-xl{font-size:39px}.elementor-widget-heading .elementor-heading-title.elementor-size-xxl{font-size:59px}<\/style><h2 class=\"elementor-heading-title elementor-size-xl\">Conhe\u00e7a a Semana da P\u00e1scoa mais antiga da Extremadura<\/h2>\t\t<\/div>\n\t\t\t\t<\/div>\n\t\t\t\t<div class=\"elementor-element elementor-element-1a594e4 elementor-widget elementor-widget-text-editor\" data-id=\"1a594e4\" data-element_type=\"widget\" data-widget_type=\"text-editor.default\">\n\t\t\t\t<div class=\"elementor-widget-container\">\n\t\t\t<style>\/*! elementor - v3.23.0 - 05-08-2024 *\/\n.elementor-widget-text-editor.elementor-drop-cap-view-stacked .elementor-drop-cap{background-color:#69727d;color:#fff}.elementor-widget-text-editor.elementor-drop-cap-view-framed .elementor-drop-cap{color:#69727d;border:3px solid;background-color:transparent}.elementor-widget-text-editor:not(.elementor-drop-cap-view-default) .elementor-drop-cap{margin-top:8px}.elementor-widget-text-editor:not(.elementor-drop-cap-view-default) .elementor-drop-cap-letter{width:1em;height:1em}.elementor-widget-text-editor .elementor-drop-cap{float:left;text-align:center;line-height:1;font-size:50px}.elementor-widget-text-editor .elementor-drop-cap-letter{display:inline-block}<\/style>\t\t\t\t<p id=\"viewer-foo\" class=\"mm8Nw _1j-51 roLFQS _1FoOD _78FBa sk96G9 roLFQS public-DraftStyleDefault-block-depth0 fixed-tab-size public-DraftStyleDefault-text-ltr\"><span class=\"_2PHJq public-DraftStyleDefault-ltr\"><strong>Estas localidades mant\u00eam algumas das mais antigas tradi\u00e7\u00f5es e prociss\u00f5es da comunidade aut\u00f3noma e do pa\u00eds.<\/strong><\/span><\/p><p id=\"viewer-6h35j\" class=\"mm8Nw _1j-51 roLFQS _1FoOD _78FBa sk96G9 roLFQS public-DraftStyleDefault-block-depth0 fixed-tab-size public-DraftStyleDefault-text-ltr\"><span class=\"_2PHJq public-DraftStyleDefault-ltr\">A Espanha continua a ser maioritariamente cat\u00f3lica. Mant\u00e9m muitas das suas tradi\u00e7\u00f5es anuais seculares. Entre elas, a Semana Santa.<\/span><\/p><p id=\"viewer-9ngis\" class=\"mm8Nw _1j-51 roLFQS _1FoOD _78FBa sk96G9 roLFQS public-DraftStyleDefault-block-depth0 fixed-tab-size public-DraftStyleDefault-text-ltr\"><span class=\"_2PHJq public-DraftStyleDefault-ltr\">A Semana Santa \u00e9 geralmente celebrada em Espanha entre o final de mar\u00e7o e o in\u00edcio de abril. Com a chegada da Quarta-feira de Cinzas, come\u00e7a a Quaresma at\u00e9 ao Domingo de P\u00e1scoa, que inclui tamb\u00e9m o Domingo de Ramos, a Quinta-feira Santa e a Sexta-feira Santa.<\/span><\/p>\t\t\t\t\t\t<\/div>\n\t\t\t\t<\/div>\n\t\t\t\t<div class=\"elementor-element elementor-element-8d9a19c elementor-widget elementor-widget-image\" data-id=\"8d9a19c\" data-element_type=\"widget\" data-widget_type=\"image.default\">\n\t\t\t\t<div class=\"elementor-widget-container\">\n\t\t\t<style>\/*! elementor - v3.23.0 - 05-08-2024 *\/\n.elementor-widget-image{text-align:center}.elementor-widget-image a{display:inline-block}.elementor-widget-image a img[src$=\".svg\"]{width:48px}.elementor-widget-image img{vertical-align:middle;display:inline-block}<\/style>\t\t\t\t\t\t\t<figure class=\"wp-caption\">\n\t\t\t\t\t\t\t\t\t\t<img fetchpriority=\"high\" decoding=\"async\" width=\"1024\" height=\"512\" src=\"https:\/\/udestinations.es\/wp-content\/uploads\/2023\/04\/santaextre1.webp\" class=\"attachment-large size-large wp-image-8346\" alt=\"\" srcset=\"https:\/\/udestinations.es\/wp-content\/uploads\/2023\/04\/santaextre1.webp 1024w, https:\/\/udestinations.es\/wp-content\/uploads\/2023\/04\/santaextre1-300x150.webp 300w, https:\/\/udestinations.es\/wp-content\/uploads\/2023\/04\/santaextre1-768x384.webp 768w, https:\/\/udestinations.es\/wp-content\/uploads\/2023\/04\/santaextre1-18x9.webp 18w, https:\/\/udestinations.es\/wp-content\/uploads\/2023\/04\/santaextre1-600x300.webp 600w\" sizes=\"(max-width: 1024px) 100vw, 1024px\" \/>\t\t\t\t\t\t\t\t\t\t\t<figcaption class=\"widget-image-caption wp-caption-text\"><\/figcaption>\n\t\t\t\t\t\t\t\t\t\t<\/figure>\n\t\t\t\t\t\t\t<\/div>\n\t\t\t\t<\/div>\n\t\t\t\t<div class=\"elementor-element elementor-element-6f15ae0 elementor-widget elementor-widget-text-editor\" data-id=\"6f15ae0\" data-element_type=\"widget\" data-widget_type=\"text-editor.default\">\n\t\t\t\t<div class=\"elementor-widget-container\">\n\t\t\t\t\t\t\t<p id=\"viewer-9a8pl\" class=\"mm8Nw _1j-51 roLFQS _1FoOD _78FBa sk96G9 roLFQS public-DraftStyleDefault-block-depth0 fixed-tab-size public-DraftStyleDefault-text-ltr\"><span class=\"_2PHJq public-DraftStyleDefault-ltr\">Esta semana \u00e9 muito importante nas cidades espanholas com uma forte tradi\u00e7\u00e3o crist\u00e3, como Sevilha, mas n\u00e3o \u00e9 a \u00fanica que se destaca por isso. <strong>Sabe que na Extremadura h\u00e1 muitas prociss\u00f5es muito antigas e conhecidas na pen\u00ednsula?<\/strong><\/span><\/p><ul class=\"public-DraftStyleDefault-ul\"><li id=\"viewer-4rtn4\" class=\"roLFQS ULPWlI _3Kjjs _78FBa public-DraftStyleDefault-unorderedListItem public-DraftStyleDefault-depth0 public-DraftStyleDefault-list-ltr fixed-tab-size public-DraftStyleDefault-reset _1FoOD _78FBa sk96G9 roLFQS NSjbv\"><p class=\"_1j-51 _1FoOD _78FBa sk96G9 roLFQS undefined\">A Semana da Paix\u00e3o na Extremadura tem algumas celebra\u00e7\u00f5es t\u00e3o conhecidas como a Semana Santa da Extremadura. <strong>C\u00e1ceres<\/strong>. A Via-Sacra do Cristo Negro, prociss\u00e3o que percorre as ruas da parte antiga da cidade em total sil\u00eancio, transmite uma sobriedade e um respeito tais que mant\u00e9m o seu estatuto de Interesse Tur\u00edstico Internacional.<\/p><\/li><li id=\"viewer-fjjk2\" class=\"roLFQS ULPWlI _3Kjjs _78FBa public-DraftStyleDefault-unorderedListItem public-DraftStyleDefault-depth0 public-DraftStyleDefault-list-ltr fixed-tab-size public-DraftStyleDefault-reset _1FoOD _78FBa sk96G9 roLFQS NSjbv\"><p class=\"_1j-51 _1FoOD _78FBa sk96G9 roLFQS undefined\"><strong>Badajoz, M\u00e9rida <\/strong>o<strong> Jerez de los Caballeros<\/strong> s\u00e3o outras cidades da Extremadura cheias de imagin\u00e1rio, com as suas igrejas e edif\u00edcios. Muitas delas foram declaradas de Interesse Tur\u00edstico a n\u00edvel nacional.<\/p><\/li><\/ul>\t\t\t\t\t\t<\/div>\n\t\t\t\t<\/div>\n\t\t\t\t<div class=\"elementor-element elementor-element-ffaaa2c elementor-widget elementor-widget-image\" data-id=\"ffaaa2c\" data-element_type=\"widget\" data-widget_type=\"image.default\">\n\t\t\t\t<div class=\"elementor-widget-container\">\n\t\t\t\t\t\t\t\t\t\t<figure class=\"wp-caption\">\n\t\t\t\t\t\t\t\t\t\t<img decoding=\"async\" width=\"1024\" height=\"512\" src=\"https:\/\/udestinations.es\/wp-content\/uploads\/2023\/04\/santaextre2-1024x512.webp\" class=\"attachment-large size-large wp-image-8345\" alt=\"\" srcset=\"https:\/\/udestinations.es\/wp-content\/uploads\/2023\/04\/santaextre2-1024x512.webp 1024w, https:\/\/udestinations.es\/wp-content\/uploads\/2023\/04\/santaextre2-300x150.webp 300w, https:\/\/udestinations.es\/wp-content\/uploads\/2023\/04\/santaextre2-768x384.webp 768w, https:\/\/udestinations.es\/wp-content\/uploads\/2023\/04\/santaextre2-18x9.webp 18w, https:\/\/udestinations.es\/wp-content\/uploads\/2023\/04\/santaextre2-600x300.webp 600w, https:\/\/udestinations.es\/wp-content\/uploads\/2023\/04\/santaextre2.webp 1075w\" sizes=\"(max-width: 1024px) 100vw, 1024px\" \/>\t\t\t\t\t\t\t\t\t\t\t<figcaption class=\"widget-image-caption wp-caption-text\">Via Crucis, M\u00e9rida<\/figcaption>\n\t\t\t\t\t\t\t\t\t\t<\/figure>\n\t\t\t\t\t\t\t<\/div>\n\t\t\t\t<\/div>\n\t\t\t\t<div class=\"elementor-element elementor-element-315f725 elementor-widget elementor-widget-text-editor\" data-id=\"315f725\" data-element_type=\"widget\" data-widget_type=\"text-editor.default\">\n\t\t\t\t<div class=\"elementor-widget-container\">\n\t\t\t\t\t\t\t<ul class=\"public-DraftStyleDefault-ul\"><li id=\"viewer-1lefn\" class=\"roLFQS ULPWlI _3Kjjs _78FBa public-DraftStyleDefault-unorderedListItem public-DraftStyleDefault-depth0 public-DraftStyleDefault-list-ltr fixed-tab-size public-DraftStyleDefault-reset _1FoOD _78FBa sk96G9 roLFQS NSjbv\"><p class=\"_1j-51 _1FoOD _78FBa sk96G9 roLFQS undefined\">E h\u00e1 muito mais do que apenas prociss\u00f5es: h\u00e1 alguns espect\u00e1culos impressionantes como <strong>a Paix\u00e3o Viva<\/strong> de Oliva de la Frontera. Uma multid\u00e3o de actores d\u00e1 vida \u00e0 \u00faltima viagem de Cristo \u00e0 cruz pelas ruas da cidade, tornando-a um evento de Interesse Tur\u00edstico Nacional.<\/p><\/li><\/ul><div id=\"viewer-5fsg2\" class=\"mm8Nw _1j-51 roLFQS _1FoOD _78FBa sk96G9 roLFQS public-DraftStyleDefault-block-depth0 fixed-tab-size public-DraftStyleDefault-text-ltr\">\u00a0<\/div>\t\t\t\t\t\t<\/div>\n\t\t\t\t<\/div>\n\t\t\t\t<div class=\"elementor-element elementor-element-233b099 elementor-widget elementor-widget-video\" data-id=\"233b099\" data-element_type=\"widget\" data-settings=\"{&quot;youtube_url&quot;:&quot;https:\\\/\\\/www.youtube.com\\\/watch?v=v9RUIr3vK1M&quot;,&quot;video_type&quot;:&quot;youtube&quot;,&quot;controls&quot;:&quot;yes&quot;}\" data-widget_type=\"video.default\">\n\t\t\t\t<div class=\"elementor-widget-container\">\n\t\t\t<style>\/*! elementor - v3.23.0 - 05-08-2024 *\/\n.elementor-widget-video .elementor-widget-container{overflow:hidden;transform:translateZ(0)}.elementor-widget-video .elementor-wrapper{aspect-ratio:var(--video-aspect-ratio)}.elementor-widget-video .elementor-wrapper iframe,.elementor-widget-video .elementor-wrapper video{height:100%;width:100%;display:flex;border:none;background-color:#000}@supports not (aspect-ratio:1\/1){.elementor-widget-video .elementor-wrapper{position:relative;overflow:hidden;height:0;padding-bottom:calc(100% \/ var(--video-aspect-ratio))}.elementor-widget-video .elementor-wrapper iframe,.elementor-widget-video .elementor-wrapper video{position:absolute;top:0;right:0;bottom:0;left:0}}.elementor-widget-video .elementor-open-inline .elementor-custom-embed-image-overlay{position:absolute;top:0;right:0;bottom:0;left:0;background-size:cover;background-position:50%}.elementor-widget-video .elementor-custom-embed-image-overlay{cursor:pointer;text-align:center}.elementor-widget-video .elementor-custom-embed-image-overlay:hover .elementor-custom-embed-play i{opacity:1}.elementor-widget-video .elementor-custom-embed-image-overlay img{display:block;width:100%;aspect-ratio:var(--video-aspect-ratio);-o-object-fit:cover;object-fit:cover;-o-object-position:center center;object-position:center center}@supports not (aspect-ratio:1\/1){.elementor-widget-video .elementor-custom-embed-image-overlay{position:relative;overflow:hidden;height:0;padding-bottom:calc(100% \/ var(--video-aspect-ratio))}.elementor-widget-video .elementor-custom-embed-image-overlay img{position:absolute;top:0;right:0;bottom:0;left:0}}.elementor-widget-video .e-hosted-video .elementor-video{-o-object-fit:cover;object-fit:cover}.e-con-inner>.elementor-widget-video,.e-con>.elementor-widget-video{width:var(--container-widget-width);--flex-grow:var(--container-widget-flex-grow)}<\/style>\t\t<div class=\"elementor-wrapper elementor-open-inline\">\n\t\t\t<div class=\"elementor-video\"><\/div>\t\t<\/div>\n\t\t\t\t<\/div>\n\t\t\t\t<\/div>\n\t\t\t\t<div class=\"elementor-element elementor-element-92a4c5a elementor-widget elementor-widget-text-editor\" data-id=\"92a4c5a\" data-element_type=\"widget\" data-widget_type=\"text-editor.default\">\n\t\t\t\t<div class=\"elementor-widget-container\">\n\t\t\t\t\t\t\t<p style=\"text-align: center;\">V\u00eddeo Festas e Ritos: Los Empalaos. La Vera (Extremadura Rural)<\/p><ul class=\"public-DraftStyleDefault-ul\"><li id=\"viewer-f3q6g\" class=\"roLFQS ULPWlI _3Kjjs _78FBa public-DraftStyleDefault-unorderedListItem public-DraftStyleDefault-depth0 public-DraftStyleDefault-list-ltr fixed-tab-size public-DraftStyleDefault-reset _1FoOD _78FBa sk96G9 roLFQS NSjbv\"><p class=\"_1j-51 _1FoOD _78FBa sk96G9 roLFQS undefined\">Outras festividades como <strong>os Impalaos<\/strong> de Valverde de la Vera, <strong>o Chiviri <\/strong>de Trujillo ou <strong>o Dia da Luz <\/strong>em Arroyo de la Luz completam a grande variedade de eventos que pode encontrar em toda a Extremadura durante a Semana Santa.<\/p><\/li><\/ul>\t\t\t\t\t\t<\/div>\n\t\t\t\t<\/div>\n\t\t\t\t<div class=\"elementor-element elementor-element-30b657a elementor-widget elementor-widget-image\" data-id=\"30b657a\" data-element_type=\"widget\" data-widget_type=\"image.default\">\n\t\t\t\t<div class=\"elementor-widget-container\">\n\t\t\t\t\t\t\t\t\t\t<figure class=\"wp-caption\">\n\t\t\t\t\t\t\t\t\t\t<img decoding=\"async\" width=\"800\" height=\"533\" src=\"https:\/\/udestinations.es\/wp-content\/uploads\/2023\/04\/santaextre3.webp\" class=\"attachment-large size-large wp-image-8344\" alt=\"\" srcset=\"https:\/\/udestinations.es\/wp-content\/uploads\/2023\/04\/santaextre3.webp 800w, https:\/\/udestinations.es\/wp-content\/uploads\/2023\/04\/santaextre3-300x200.webp 300w, https:\/\/udestinations.es\/wp-content\/uploads\/2023\/04\/santaextre3-768x512.webp 768w, https:\/\/udestinations.es\/wp-content\/uploads\/2023\/04\/santaextre3-18x12.webp 18w, https:\/\/udestinations.es\/wp-content\/uploads\/2023\/04\/santaextre3-600x400.webp 600w\" sizes=\"(max-width: 800px) 100vw, 800px\" \/>\t\t\t\t\t\t\t\t\t\t\t<figcaption class=\"widget-image-caption wp-caption-text\">Dia da Luz - Arroyo de la Luz, C\u00e1ceres<\/figcaption>\n\t\t\t\t\t\t\t\t\t\t<\/figure>\n\t\t\t\t\t\t\t<\/div>\n\t\t\t\t<\/div>\n\t\t\t\t<div class=\"elementor-element elementor-element-f90a902 elementor-widget elementor-widget-text-editor\" data-id=\"f90a902\" data-element_type=\"widget\" data-widget_type=\"text-editor.default\">\n\t\t\t\t<div class=\"elementor-widget-container\">\n\t\t\t\t\t\t\t<p>Sabia que todas estas celebra\u00e7\u00f5es existiam? Quais delas j\u00e1 p\u00f4de desfrutar? Gostaria de as conhecer em primeira m\u00e3o? <a class=\"_3Bkfb _1lsz7\" href=\"https:\/\/udestinations.es\/pt\/contacto\/\" target=\"_blank\" rel=\"noopener noreferrer\" data-hook=\"linkViewer\"><u class=\"_3zM-5\">Entre em contacto connosco<\/u><\/a> e informe-se sobre a sua viagem sem compromisso.<\/p>\t\t\t\t\t\t<\/div>\n\t\t\t\t<\/div>\n\t\t\t\t\t<\/div>\n\t\t<\/div>\n\t\t\t\t\t<\/div>\n\t\t<\/section>\n\t\t\t\t<\/div>","protected":false},"excerpt":{"rendered":"<p>Conoce la Semana Santa m\u00e1s antigua de Extremadura Estas localidades mantienen algunas de las tradiciones y procesiones m\u00e1s antiguas de la comunidad aut\u00f3noma y del pa\u00eds. Espa\u00f1a sigue siendo mayoritariamente cat\u00f3lico. Mantiene muchas de las tradiciones anuales desde siglos atr\u00e1s. Entre ellas, la Semana Santa. Generalmente entre finales de marzo y primeros de abril, se&hellip;&nbsp;<a href=\"https:\/\/udestinations.es\/pt\/conocelasemanasantamasantiguadeextremadura\/\" rel=\"bookmark\">Ler mais \"<span class=\"screen-reader-text\">Conhe\u00e7a a Semana da P\u00e1scoa mais antiga da Extremadura<\/span><\/a><\/p>","protected":false},"author":1,"featured_media":8346,"comment_status":"open","ping_status":"open","sticky":false,"template":"","format":"standard","meta":{"_acf_changed":false,"neve_meta_sidebar":"","neve_meta_container":"","neve_meta_enable_content_width":"off","neve_meta_content_width":70,"neve_meta_title_alignment":"","neve_meta_author_avatar":"","neve_post_elements_order":"[\"content\",\"tags\",\"comments\"]","neve_meta_disable_header":"","neve_meta_disable_footer":"","neve_meta_disable_title":"on","neve_meta_reading_time":"","footnotes":""},"categories":[1],"tags":[],"class_list":["post-8341","post","type-post","status-publish","format-standard","has-post-thumbnail","hentry","category-uncategorized"],"acf":[],"yoast_head":"<!-- This site is optimized with the Yoast SEO Premium plugin v20.1 (Yoast SEO v23.8) - https:\/\/yoast.com\/wordpress\/plugins\/seo\/ -->\n<title>Conoce la Semana Santa m\u00e1s antigua de Extremadura<\/title>\n<meta name=\"description\" content=\"Ribera del Guadiana. A lo largo y ancho de la Pen\u00ednsula Ib\u00e9rica, las regiones vin\u00edcolas de gran prestigio se suceden en el territorio.\" \/>\n<meta name=\"robots\" content=\"index, follow, max-snippet:-1, max-image-preview:large, max-video-preview:-1\" \/>\n<link rel=\"canonical\" href=\"https:\/\/udestinations.es\/pt\/conocelasemanasantamasantiguadeextremadura\/\" \/>\n<meta property=\"og:locale\" content=\"pt_PT\" \/>\n<meta property=\"og:type\" content=\"article\" \/>\n<meta property=\"og:title\" content=\"Conoce la Semana Santa m\u00e1s antigua de Extremadura\" \/>\n<meta property=\"og:description\" content=\"Ribera del Guadiana. A lo largo y ancho de la Pen\u00ednsula Ib\u00e9rica, las regiones vin\u00edcolas de gran prestigio se suceden en el territorio.\" \/>\n<meta property=\"og:url\" content=\"https:\/\/udestinations.es\/pt\/conocelasemanasantamasantiguadeextremadura\/\" \/>\n<meta property=\"og:site_name\" content=\"uDestinations\" \/>\n<meta property=\"article:publisher\" content=\"https:\/\/www.facebook.com\/UDestinations.experiences\/\" \/>\n<meta property=\"article:published_time\" content=\"2023-04-02T14:35:08+00:00\" \/>\n<meta property=\"article:modified_time\" content=\"2023-04-27T10:15:48+00:00\" \/>\n<meta property=\"og:image\" content=\"https:\/\/udestinations.es\/wp-content\/uploads\/2023\/04\/santaextre1.webp\" \/>\n\t<meta property=\"og:image:width\" content=\"1024\" \/>\n\t<meta property=\"og:image:height\" content=\"512\" \/>\n\t<meta property=\"og:image:type\" content=\"image\/webp\" \/>\n<meta name=\"author\" content=\"admin\" \/>\n<meta name=\"twitter:card\" content=\"summary_large_image\" \/>\n<meta name=\"twitter:creator\" content=\"@udestinations_\" \/>\n<meta name=\"twitter:site\" content=\"@udestinations_\" \/>\n<meta name=\"twitter:label1\" content=\"Escrito por\" \/>\n\t<meta name=\"twitter:data1\" content=\"admin\" \/>\n\t<meta name=\"twitter:label2\" content=\"Tempo estimado de leitura\" \/>\n\t<meta name=\"twitter:data2\" content=\"2 minutos\" \/>\n<script type=\"application\/ld+json\" class=\"yoast-schema-graph\">{\"@context\":\"https:\/\/schema.org\",\"@graph\":[{\"@type\":\"WebPage\",\"@id\":\"https:\/\/udestinations.es\/conocelasemanasantamasantiguadeextremadura\/\",\"url\":\"https:\/\/udestinations.es\/conocelasemanasantamasantiguadeextremadura\/\",\"name\":\"Conoce la Semana Santa m\u00e1s antigua de Extremadura\",\"isPartOf\":{\"@id\":\"https:\/\/udestinations.es\/de\/#website\"},\"primaryImageOfPage\":{\"@id\":\"https:\/\/udestinations.es\/conocelasemanasantamasantiguadeextremadura\/#primaryimage\"},\"image\":{\"@id\":\"https:\/\/udestinations.es\/conocelasemanasantamasantiguadeextremadura\/#primaryimage\"},\"thumbnailUrl\":\"https:\/\/udestinations.es\/wp-content\/uploads\/2023\/04\/santaextre1.webp\",\"datePublished\":\"2023-04-02T14:35:08+00:00\",\"dateModified\":\"2023-04-27T10:15:48+00:00\",\"author\":{\"@id\":\"https:\/\/udestinations.es\/de\/#\/schema\/person\/8088e79ef2079e84ea76794d4334ee71\"},\"description\":\"Ribera del Guadiana. A lo largo y ancho de la Pen\u00ednsula Ib\u00e9rica, las regiones vin\u00edcolas de gran prestigio se suceden en el territorio.\",\"inLanguage\":\"pt-PT\",\"potentialAction\":[{\"@type\":\"ReadAction\",\"target\":[\"https:\/\/udestinations.es\/conocelasemanasantamasantiguadeextremadura\/\"]}]},{\"@type\":\"ImageObject\",\"inLanguage\":\"pt-PT\",\"@id\":\"https:\/\/udestinations.es\/conocelasemanasantamasantiguadeextremadura\/#primaryimage\",\"url\":\"https:\/\/udestinations.es\/wp-content\/uploads\/2023\/04\/santaextre1.webp\",\"contentUrl\":\"https:\/\/udestinations.es\/wp-content\/uploads\/2023\/04\/santaextre1.webp\",\"width\":1024,\"height\":512},{\"@type\":\"WebSite\",\"@id\":\"https:\/\/udestinations.es\/de\/#website\",\"url\":\"https:\/\/udestinations.es\/de\/\",\"name\":\"uDestinations\",\"description\":\"\",\"potentialAction\":[{\"@type\":\"SearchAction\",\"target\":{\"@type\":\"EntryPoint\",\"urlTemplate\":\"https:\/\/udestinations.es\/de\/?s={search_term_string}\"},\"query-input\":{\"@type\":\"PropertyValueSpecification\",\"valueRequired\":true,\"valueName\":\"search_term_string\"}}],\"inLanguage\":\"pt-PT\"},{\"@type\":\"Person\",\"@id\":\"https:\/\/udestinations.es\/de\/#\/schema\/person\/8088e79ef2079e84ea76794d4334ee71\",\"name\":\"admin\",\"image\":{\"@type\":\"ImageObject\",\"inLanguage\":\"pt-PT\",\"@id\":\"https:\/\/udestinations.es\/de\/#\/schema\/person\/image\/\",\"url\":\"https:\/\/secure.gravatar.com\/avatar\/ff63818b95f758f630162236e11d96b8?s=96&d=mm&r=g\",\"contentUrl\":\"https:\/\/secure.gravatar.com\/avatar\/ff63818b95f758f630162236e11d96b8?s=96&d=mm&r=g\",\"caption\":\"admin\"}}]}<\/script>\n<!-- \/ Yoast SEO Premium plugin. -->","yoast_head_json":{"title":"Conoce la Semana Santa m\u00e1s antigua de Extremadura","description":"Ribera del Guadiana. A lo largo y ancho de la Pen\u00ednsula Ib\u00e9rica, las regiones vin\u00edcolas de gran prestigio se suceden en el territorio.","robots":{"index":"index","follow":"follow","max-snippet":"max-snippet:-1","max-image-preview":"max-image-preview:large","max-video-preview":"max-video-preview:-1"},"canonical":"https:\/\/udestinations.es\/pt\/conocelasemanasantamasantiguadeextremadura\/","og_locale":"pt_PT","og_type":"article","og_title":"Conoce la Semana Santa m\u00e1s antigua de Extremadura","og_description":"Ribera del Guadiana. A lo largo y ancho de la Pen\u00ednsula Ib\u00e9rica, las regiones vin\u00edcolas de gran prestigio se suceden en el territorio.","og_url":"https:\/\/udestinations.es\/pt\/conocelasemanasantamasantiguadeextremadura\/","og_site_name":"uDestinations","article_publisher":"https:\/\/www.facebook.com\/UDestinations.experiences\/","article_published_time":"2023-04-02T14:35:08+00:00","article_modified_time":"2023-04-27T10:15:48+00:00","og_image":[{"width":1024,"height":512,"url":"https:\/\/udestinations.es\/wp-content\/uploads\/2023\/04\/santaextre1.webp","type":"image\/webp"}],"author":"admin","twitter_card":"summary_large_image","twitter_creator":"@udestinations_","twitter_site":"@udestinations_","twitter_misc":{"Escrito por":"admin","Tempo estimado de leitura":"2 minutos"},"schema":{"@context":"https:\/\/schema.org","@graph":[{"@type":"WebPage","@id":"https:\/\/udestinations.es\/conocelasemanasantamasantiguadeextremadura\/","url":"https:\/\/udestinations.es\/conocelasemanasantamasantiguadeextremadura\/","name":"Conoce la Semana Santa m\u00e1s antigua de Extremadura","isPartOf":{"@id":"https:\/\/udestinations.es\/de\/#website"},"primaryImageOfPage":{"@id":"https:\/\/udestinations.es\/conocelasemanasantamasantiguadeextremadura\/#primaryimage"},"image":{"@id":"https:\/\/udestinations.es\/conocelasemanasantamasantiguadeextremadura\/#primaryimage"},"thumbnailUrl":"https:\/\/udestinations.es\/wp-content\/uploads\/2023\/04\/santaextre1.webp","datePublished":"2023-04-02T14:35:08+00:00","dateModified":"2023-04-27T10:15:48+00:00","author":{"@id":"https:\/\/udestinations.es\/de\/#\/schema\/person\/8088e79ef2079e84ea76794d4334ee71"},"description":"Ribera del Guadiana. A lo largo y ancho de la Pen\u00ednsula Ib\u00e9rica, las regiones vin\u00edcolas de gran prestigio se suceden en el territorio.","inLanguage":"pt-PT","potentialAction":[{"@type":"ReadAction","target":["https:\/\/udestinations.es\/conocelasemanasantamasantiguadeextremadura\/"]}]},{"@type":"ImageObject","inLanguage":"pt-PT","@id":"https:\/\/udestinations.es\/conocelasemanasantamasantiguadeextremadura\/#primaryimage","url":"https:\/\/udestinations.es\/wp-content\/uploads\/2023\/04\/santaextre1.webp","contentUrl":"https:\/\/udestinations.es\/wp-content\/uploads\/2023\/04\/santaextre1.webp","width":1024,"height":512},{"@type":"WebSite","@id":"https:\/\/udestinations.es\/de\/#website","url":"https:\/\/udestinations.es\/de\/","name":"uDestinations","description":"","potentialAction":[{"@type":"SearchAction","target":{"@type":"EntryPoint","urlTemplate":"https:\/\/udestinations.es\/de\/?s={search_term_string}"},"query-input":{"@type":"PropertyValueSpecification","valueRequired":true,"valueName":"search_term_string"}}],"inLanguage":"pt-PT"},{"@type":"Person","@id":"https:\/\/udestinations.es\/de\/#\/schema\/person\/8088e79ef2079e84ea76794d4334ee71","name":"admin","image":{"@type":"ImageObject","inLanguage":"pt-PT","@id":"https:\/\/udestinations.es\/de\/#\/schema\/person\/image\/","url":"https:\/\/secure.gravatar.com\/avatar\/ff63818b95f758f630162236e11d96b8?s=96&d=mm&r=g","contentUrl":"https:\/\/secure.gravatar.com\/avatar\/ff63818b95f758f630162236e11d96b8?s=96&d=mm&r=g","caption":"admin"}}]}},"_links":{"self":[{"href":"https:\/\/udestinations.es\/pt\/wp-json\/wp\/v2\/posts\/8341","targetHints":{"allow":["GET"]}}],"collection":[{"href":"https:\/\/udestinations.es\/pt\/wp-json\/wp\/v2\/posts"}],"about":[{"href":"https:\/\/udestinations.es\/pt\/wp-json\/wp\/v2\/types\/post"}],"author":[{"embeddable":true,"href":"https:\/\/udestinations.es\/pt\/wp-json\/wp\/v2\/users\/1"}],"replies":[{"embeddable":true,"href":"https:\/\/udestinations.es\/pt\/wp-json\/wp\/v2\/comments?post=8341"}],"version-history":[{"count":7,"href":"https:\/\/udestinations.es\/pt\/wp-json\/wp\/v2\/posts\/8341\/revisions"}],"predecessor-version":[{"id":8444,"href":"https:\/\/udestinations.es\/pt\/wp-json\/wp\/v2\/posts\/8341\/revisions\/8444"}],"wp:featuredmedia":[{"embeddable":true,"href":"https:\/\/udestinations.es\/pt\/wp-json\/wp\/v2\/media\/8346"}],"wp:attachment":[{"href":"https:\/\/udestinations.es\/pt\/wp-json\/wp\/v2\/media?parent=8341"}],"wp:term":[{"taxonomy":"category","embeddable":true,"href":"https:\/\/udestinations.es\/pt\/wp-json\/wp\/v2\/categories?post=8341"},{"taxonomy":"post_tag","embeddable":true,"href":"https:\/\/udestinations.es\/pt\/wp-json\/wp\/v2\/tags?post=8341"}],"curies":[{"name":"wp","href":"https:\/\/api.w.org\/{rel}","templated":true}]}}