{"id":8329,"date":"2023-04-02T10:32:59","date_gmt":"2023-04-02T10:32:59","guid":{"rendered":"https:\/\/udestinations.es\/?p=8329"},"modified":"2023-04-27T10:13:19","modified_gmt":"2023-04-27T10:13:19","slug":"dondeviajarestasemanasantaenespana","status":"publish","type":"post","link":"https:\/\/udestinations.es\/pt\/dondeviajarestasemanasantaenespana\/","title":{"rendered":"Para onde viajar nesta P\u00e1scoa em Espanha"},"content":{"rendered":"<div data-elementor-type=\"wp-post\" data-elementor-id=\"8329\" class=\"elementor elementor-8329\" data-elementor-post-type=\"post\">\n\t\t\t\t\t\t<section data-particle_enable=\"false\" data-particle-mobile-disabled=\"false\" class=\"elementor-section elementor-top-section elementor-element elementor-element-8e6cb9e elementor-section-boxed elementor-section-height-default elementor-section-height-default\" data-id=\"8e6cb9e\" data-element_type=\"section\" data-settings=\"{&quot;background_background&quot;:&quot;classic&quot;}\">\n\t\t\t\t\t\t<div class=\"elementor-container elementor-column-gap-default\">\n\t\t\t\t\t<div class=\"elementor-column elementor-col-100 elementor-top-column elementor-element elementor-element-4adfc69\" data-id=\"4adfc69\" data-element_type=\"column\">\n\t\t\t<div class=\"elementor-widget-wrap elementor-element-populated\">\n\t\t\t\t\t\t<div class=\"elementor-element elementor-element-1f97884 elementor-widget elementor-widget-heading\" data-id=\"1f97884\" data-element_type=\"widget\" data-widget_type=\"heading.default\">\n\t\t\t\t<div class=\"elementor-widget-container\">\n\t\t\t<style>\/*! elementor - v3.23.0 - 05-08-2024 *\/\n.elementor-heading-title{padding:0;margin:0;line-height:1}.elementor-widget-heading .elementor-heading-title[class*=elementor-size-]>a{color:inherit;font-size:inherit;line-height:inherit}.elementor-widget-heading .elementor-heading-title.elementor-size-small{font-size:15px}.elementor-widget-heading .elementor-heading-title.elementor-size-medium{font-size:19px}.elementor-widget-heading .elementor-heading-title.elementor-size-large{font-size:29px}.elementor-widget-heading .elementor-heading-title.elementor-size-xl{font-size:39px}.elementor-widget-heading .elementor-heading-title.elementor-size-xxl{font-size:59px}<\/style><h1 class=\"elementor-heading-title elementor-size-xl\">Para onde viajar nesta P\u00e1scoa em Espanha<\/h1>\t\t<\/div>\n\t\t\t\t<\/div>\n\t\t\t\t<div class=\"elementor-element elementor-element-1a594e4 elementor-widget elementor-widget-text-editor\" data-id=\"1a594e4\" data-element_type=\"widget\" data-widget_type=\"text-editor.default\">\n\t\t\t\t<div class=\"elementor-widget-container\">\n\t\t\t<style>\/*! elementor - v3.23.0 - 05-08-2024 *\/\n.elementor-widget-text-editor.elementor-drop-cap-view-stacked .elementor-drop-cap{background-color:#69727d;color:#fff}.elementor-widget-text-editor.elementor-drop-cap-view-framed .elementor-drop-cap{color:#69727d;border:3px solid;background-color:transparent}.elementor-widget-text-editor:not(.elementor-drop-cap-view-default) .elementor-drop-cap{margin-top:8px}.elementor-widget-text-editor:not(.elementor-drop-cap-view-default) .elementor-drop-cap-letter{width:1em;height:1em}.elementor-widget-text-editor .elementor-drop-cap{float:left;text-align:center;line-height:1;font-size:50px}.elementor-widget-text-editor .elementor-drop-cap-letter{display:inline-block}<\/style>\t\t\t\t<p id=\"viewer-foo\" class=\"mm8Nw _1j-51 roLFQS _1FoOD _78FBa sk96G9 roLFQS public-DraftStyleDefault-block-depth0 fixed-tab-size public-DraftStyleDefault-text-ltr\"><span class=\"_2PHJq public-DraftStyleDefault-ltr\">A P\u00e1scoa \u00e9 o momento perfeito para passar alguns dias fora e desconectar-se da rotina. Quer prefira a praia ou a cidade, quer seja um daqueles que querem conhecer as tradi\u00e7\u00f5es da P\u00e1scoa ou fazer uma escapadela para desligar e recarregar as suas baterias, temos o plano perfeito para si e adaptamo-nos a todos os gostos.<\/span><\/p>\t\t\t\t\t\t<\/div>\n\t\t\t\t<\/div>\n\t\t\t\t<div class=\"elementor-element elementor-element-8d9a19c elementor-widget elementor-widget-image\" data-id=\"8d9a19c\" data-element_type=\"widget\" data-widget_type=\"image.default\">\n\t\t\t\t<div class=\"elementor-widget-container\">\n\t\t\t<style>\/*! elementor - v3.23.0 - 05-08-2024 *\/\n.elementor-widget-image{text-align:center}.elementor-widget-image a{display:inline-block}.elementor-widget-image a img[src$=\".svg\"]{width:48px}.elementor-widget-image img{vertical-align:middle;display:inline-block}<\/style>\t\t\t\t\t\t\t<figure class=\"wp-caption\">\n\t\t\t\t\t\t\t\t\t\t<img fetchpriority=\"high\" decoding=\"async\" width=\"1024\" height=\"401\" src=\"https:\/\/udestinations.es\/wp-content\/uploads\/2023\/04\/santa1-1024x401.webp\" class=\"attachment-large size-large wp-image-8331\" alt=\"\" srcset=\"https:\/\/udestinations.es\/wp-content\/uploads\/2023\/04\/santa1-1024x401.webp 1024w, https:\/\/udestinations.es\/wp-content\/uploads\/2023\/04\/santa1-300x117.webp 300w, https:\/\/udestinations.es\/wp-content\/uploads\/2023\/04\/santa1-768x301.webp 768w, https:\/\/udestinations.es\/wp-content\/uploads\/2023\/04\/santa1-1536x601.webp 1536w, https:\/\/udestinations.es\/wp-content\/uploads\/2023\/04\/santa1-18x7.webp 18w, https:\/\/udestinations.es\/wp-content\/uploads\/2023\/04\/santa1-600x235.webp 600w, https:\/\/udestinations.es\/wp-content\/uploads\/2023\/04\/santa1.webp 1763w\" sizes=\"(max-width: 1024px) 100vw, 1024px\" \/>\t\t\t\t\t\t\t\t\t\t\t<figcaption class=\"widget-image-caption wp-caption-text\"><\/figcaption>\n\t\t\t\t\t\t\t\t\t\t<\/figure>\n\t\t\t\t\t\t\t<\/div>\n\t\t\t\t<\/div>\n\t\t\t\t<div class=\"elementor-element elementor-element-6f15ae0 elementor-widget elementor-widget-text-editor\" data-id=\"6f15ae0\" data-element_type=\"widget\" data-widget_type=\"text-editor.default\">\n\t\t\t\t<div class=\"elementor-widget-container\">\n\t\t\t\t\t\t\t<div class=\"nLG8d5\" data-hook=\"post-description\"><article class=\"blog-post-page-font\"><div class=\"post-content__body\"><div class=\"NjQ71C\"><div class=\"NjQ71C\"><div class=\"ZylKKv md1nXG SwMATA\" data-rce-version=\"9.6.3\"><div class=\"kvdbP HWlYoF wrLZsV _1O7aH\" dir=\"ltr\" data-id=\"rich-content-viewer\"><div class=\"_1hN1O uyQefQ\"><h6 id=\"viewer-62iiu\" class=\"mm8Nw _1j-51 roLFQS _1FoOD _78FBa sk96G9 roLFQS public-DraftStyleDefault-block-depth0 fixed-tab-size public-DraftStyleDefault-text-ltr\"><span class=\"_2PHJq public-DraftStyleDefault-ltr\" style=\"color: #edc66c;\"> <strong>Visite cidades impregnadas de hist\u00f3ria<\/strong><\/span><\/h6><p id=\"viewer-8cquv\" class=\"mm8Nw _1j-51 roLFQS _1FoOD _78FBa sk96G9 roLFQS public-DraftStyleDefault-block-depth0 fixed-tab-size public-DraftStyleDefault-text-ltr\"><span class=\"_2PHJq public-DraftStyleDefault-ltr\">As cidades de M\u00e9rida e C\u00e1ceres t\u00eam um rico patrim\u00f3nio hist\u00f3rico e cultural que pode visitar durante as f\u00e9rias da P\u00e1scoa. Descobrir a influ\u00eancia das suas diferentes culturas, a majestade dos seus monumentos bem conservados ou apreciar a gastronomia local \u00e9 uma boa maneira de conhecer as j\u00f3ias escondidas da Extremadura. <\/span><\/p><p id=\"viewer-fr8ug\" class=\"mm8Nw _1j-51 roLFQS _1FoOD _78FBa sk96G9 roLFQS public-DraftStyleDefault-block-depth0 fixed-tab-size public-DraftStyleDefault-text-ltr\"><span class=\"_2PHJq public-DraftStyleDefault-ltr\">Mas Portugal tamb\u00e9m tem cidades hist\u00f3ricas como \u00c9vora, lar do maior complexo megal\u00edtico da Pen\u00ednsula Ib\u00e9rica, e Co\u00edmbra, cuja Universidade, uma das mais antigas da Europa, foi declarada Patrim\u00f3nio Mundial, por ser um ponto de refer\u00eancia para a cultura portuguesa. Este pa\u00eds tem uma riqueza de tesouros que voc\u00ea n\u00e3o conhecia e que certamente ir\u00e1 apreciar se for um amante da hist\u00f3ria e da cultura. <\/span><\/p><\/div><\/div><\/div><\/div><\/div><\/div><\/article><\/div>\t\t\t\t\t\t<\/div>\n\t\t\t\t<\/div>\n\t\t\t\t<div class=\"elementor-element elementor-element-67963f6 elementor-widget elementor-widget-image\" data-id=\"67963f6\" data-element_type=\"widget\" data-widget_type=\"image.default\">\n\t\t\t\t<div class=\"elementor-widget-container\">\n\t\t\t\t\t\t\t\t\t\t<figure class=\"wp-caption\">\n\t\t\t\t\t\t\t\t\t\t<img decoding=\"async\" width=\"1024\" height=\"512\" src=\"https:\/\/udestinations.es\/wp-content\/uploads\/2023\/04\/santa2-1024x512.webp\" class=\"attachment-large size-large wp-image-8335\" alt=\"\" srcset=\"https:\/\/udestinations.es\/wp-content\/uploads\/2023\/04\/santa2-1024x512.webp 1024w, https:\/\/udestinations.es\/wp-content\/uploads\/2023\/04\/santa2-300x150.webp 300w, https:\/\/udestinations.es\/wp-content\/uploads\/2023\/04\/santa2-768x384.webp 768w, https:\/\/udestinations.es\/wp-content\/uploads\/2023\/04\/santa2-1536x768.webp 1536w, https:\/\/udestinations.es\/wp-content\/uploads\/2023\/04\/santa2-18x9.webp 18w, https:\/\/udestinations.es\/wp-content\/uploads\/2023\/04\/santa2-600x300.webp 600w, https:\/\/udestinations.es\/wp-content\/uploads\/2023\/04\/santa2.webp 1893w\" sizes=\"(max-width: 1024px) 100vw, 1024px\" \/>\t\t\t\t\t\t\t\t\t\t\t<figcaption class=\"widget-image-caption wp-caption-text\">Complexo Megal\u00edtico, \u00c9vora<\/figcaption>\n\t\t\t\t\t\t\t\t\t\t<\/figure>\n\t\t\t\t\t\t\t<\/div>\n\t\t\t\t<\/div>\n\t\t\t\t<div class=\"elementor-element elementor-element-b58f92b elementor-widget elementor-widget-text-editor\" data-id=\"b58f92b\" data-element_type=\"widget\" data-widget_type=\"text-editor.default\">\n\t\t\t\t<div class=\"elementor-widget-container\">\n\t\t\t\t\t\t\t<p id=\"viewer-1ane0\" class=\"mm8Nw _1j-51 roLFQS _1FoOD _3M0Fe Z63qyL roLFQS public-DraftStyleDefault-block-depth0 fixed-tab-size public-DraftStyleDefault-text-ltr\"><span class=\"_2PHJq public-DraftStyleDefault-ltr\">Para aqueles que gostam do turismo de encantadoras aldeias, n\u00e3o podem faltar Aveiro, a Veneza Portuguesa. \u00c9 a cidade perfeita para tirar uns dias de folga, para viajar de barco pelo Moliceiro ou mesmo para visitar as belas praias da Costa Nova e as suas famosas casas coloridas. <\/span><\/p><p class=\"mm8Nw _1j-51 roLFQS _1FoOD _3M0Fe Z63qyL roLFQS public-DraftStyleDefault-block-depth0 fixed-tab-size public-DraftStyleDefault-text-ltr\"><span class=\"_2PHJq public-DraftStyleDefault-ltr\">Se quiser conhecer algumas destas cidades em detalhe, pode faz\u00ea-lo com os nossos guias de viagem, que fornecem um itiner\u00e1rio completo e recomenda\u00e7\u00f5es para que n\u00e3o perca nada. <\/span><\/p>\t\t\t\t\t\t<\/div>\n\t\t\t\t<\/div>\n\t\t\t\t<div class=\"elementor-element elementor-element-c8510fa elementor-align-center elementor-widget elementor-widget-button\" data-id=\"c8510fa\" data-element_type=\"widget\" data-widget_type=\"button.default\">\n\t\t\t\t<div class=\"elementor-widget-container\">\n\t\t\t\t\t<div class=\"elementor-button-wrapper\">\n\t\t\t<a class=\"elementor-button elementor-button-link elementor-size-sm\" href=\"https:\/\/udestinations.es\/pt\/produto\/guia-de-viaje-digital\/\" target=\"_blank\">\n\t\t\t\t\t\t<span class=\"elementor-button-content-wrapper\">\n\t\t\t\t\t\t\t\t\t<span class=\"elementor-button-text\">Descubra os nossos guias<\/span>\n\t\t\t\t\t<\/span>\n\t\t\t\t\t<\/a>\n\t\t<\/div>\n\t\t\t\t<\/div>\n\t\t\t\t<\/div>\n\t\t\t\t<div class=\"elementor-element elementor-element-49e09e6 elementor-widget elementor-widget-text-editor\" data-id=\"49e09e6\" data-element_type=\"widget\" data-widget_type=\"text-editor.default\">\n\t\t\t\t<div class=\"elementor-widget-container\">\n\t\t\t\t\t\t\t<h6 id=\"viewer-avf95\" class=\"mm8Nw _1j-51 roLFQS _1FoOD _78FBa sk96G9 roLFQS public-DraftStyleDefault-block-depth0 fixed-tab-size public-DraftStyleDefault-text-ltr\"><span class=\"_2PHJq public-DraftStyleDefault-ltr\" style=\"color: #ecd66c;\"><strong>Descubra as melhores praias de Portugal<\/strong><\/span><\/h6><div id=\"viewer-apq5u\" class=\"_2vd5k b6lcWf\"><div class=\"_3VL_9 VgmBGL VgmBGL _3vo3y zOjvSU zOjvSU\"><div class=\"_2kEVY\" tabindex=\"0\" role=\"button\" data-hook=\"imageViewer\"><div id=\"new-image1649\" class=\"_3WJnn _2i-Gt _2Ybje\"><figure id=\"attachment_8334\" aria-describedby=\"caption-attachment-8334\" style=\"width: 425px\" class=\"wp-caption alignright\"><a href=\"https:\/\/udestinations.es\/wp-content\/uploads\/2023\/04\/santa3.webp\"><img decoding=\"async\" class=\"wp-image-8334\" src=\"https:\/\/udestinations.es\/wp-content\/uploads\/2023\/04\/santa3-300x202.webp\" alt=\"\" width=\"425\" height=\"286\" srcset=\"https:\/\/udestinations.es\/wp-content\/uploads\/2023\/04\/santa3-300x202.webp 300w, https:\/\/udestinations.es\/wp-content\/uploads\/2023\/04\/santa3-1024x688.webp 1024w, https:\/\/udestinations.es\/wp-content\/uploads\/2023\/04\/santa3-768x516.webp 768w, https:\/\/udestinations.es\/wp-content\/uploads\/2023\/04\/santa3-18x12.webp 18w, https:\/\/udestinations.es\/wp-content\/uploads\/2023\/04\/santa3-600x403.webp 600w, https:\/\/udestinations.es\/wp-content\/uploads\/2023\/04\/santa3.webp 1409w\" sizes=\"(max-width: 425px) 100vw, 425px\" \/><\/a><figcaption id=\"caption-attachment-8334\" class=\"wp-caption-text\">Praias das Fal\u00e9sias, Porto Covo<\/figcaption><\/figure><\/div><p>Visite <a class=\"_3Bkfb _1lsz7\" href=\"https:\/\/es.udestinations.com\/post\/descubre-este-top-10-de-playas-en-portugal\" target=\"_blank\" rel=\"noopener noreferrer\" data-hook=\"linkViewer\"><u class=\"_3zM-5\">praias muito especiais<\/u><\/a> do Alentejo que est\u00e3o um pouco escondidas da vista de todos e que lhe permitir\u00e3o desfrutar de praias desertas. Exemplos disto s\u00e3o a praia de Serro de \u00c1guila e a praia de Cerca Nova, pequenas enseadas onde encontrar\u00e1 muita paz e sossego para relaxar durante alguns dias.<\/p><\/div><\/div><\/div><div id=\"viewer-9j1gr\" class=\"mm8Nw _1j-51 roLFQS _1FoOD _78FBa sk96G9 roLFQS public-DraftStyleDefault-block-depth0 fixed-tab-size public-DraftStyleDefault-text-ltr\"><span class=\"_2PHJq public-DraftStyleDefault-ltr\">Se procura praias imensas, com areia fina e \u00e1gua turquesa, deve definitivamente descobrir as praias da Nazar\u00e9, famosas pelos seus campeonatos de surf. Esta vila piscat\u00f3ria vai surpreend\u00ea-lo com a sua beleza e gastronomia tradicional portuguesa. As praias rochosas e cliffy de Porto Covo tamb\u00e9m s\u00e3o imperd\u00edveis e s\u00e3o praias de Bandeira Azul, pelo que encontrar\u00e1 algumas das melhores praias do pa\u00eds. Esta zona \u00e9 bem conhecida pela qualidade dos seus mariscos, que n\u00e3o pode faltar se viajar para Portugal na P\u00e1scoa.<\/span><\/div><div data-hook=\"rcv-block19\">\u00a0<\/div><div id=\"viewer-ldqr\" class=\"mm8Nw _1j-51 roLFQS _1FoOD _3M0Fe Z63qyL roLFQS public-DraftStyleDefault-block-depth0 fixed-tab-size public-DraftStyleDefault-text-ltr\"><span class=\"_2PHJq public-DraftStyleDefault-ltr\">\u00a0<\/span><\/div><h6 id=\"viewer-7aktd\" class=\"mm8Nw _1j-51 roLFQS _1FoOD _78FBa sk96G9 roLFQS public-DraftStyleDefault-block-depth0 fixed-tab-size public-DraftStyleDefault-text-ltr\"><span class=\"_2PHJq public-DraftStyleDefault-ltr\" style=\"color: #ecd66c;\"><strong>Prefere uma escapadela rural?<\/strong><\/span><\/h6><div id=\"viewer-a49iv\" class=\"_2vd5k b6lcWf\"><div class=\"_17-_F vsUsHN vsUsHN _3vo3y zOjvSU zOjvSU\"><div class=\"_2kEVY\" tabindex=\"0\" role=\"button\" data-hook=\"imageViewer\"><div id=\"new-image1650\" class=\"_3WJnn _2i-Gt _2Ybje\"><figure id=\"attachment_8333\" aria-describedby=\"caption-attachment-8333\" style=\"width: 410px\" class=\"wp-caption alignleft\"><a href=\"https:\/\/udestinations.es\/wp-content\/uploads\/2023\/04\/santa4.webp\"><img loading=\"lazy\" decoding=\"async\" class=\"wp-image-8333\" src=\"https:\/\/udestinations.es\/wp-content\/uploads\/2023\/04\/santa4-300x196.webp\" alt=\"\" width=\"410\" height=\"268\" srcset=\"https:\/\/udestinations.es\/wp-content\/uploads\/2023\/04\/santa4-300x196.webp 300w, https:\/\/udestinations.es\/wp-content\/uploads\/2023\/04\/santa4-1024x670.webp 1024w, https:\/\/udestinations.es\/wp-content\/uploads\/2023\/04\/santa4-768x502.webp 768w, https:\/\/udestinations.es\/wp-content\/uploads\/2023\/04\/santa4-18x12.webp 18w, https:\/\/udestinations.es\/wp-content\/uploads\/2023\/04\/santa4-600x392.webp 600w, https:\/\/udestinations.es\/wp-content\/uploads\/2023\/04\/santa4.webp 1448w\" sizes=\"(max-width: 410px) 100vw, 410px\" \/><\/a><figcaption id=\"caption-attachment-8333\" class=\"wp-caption-text\">Mosteiro de Yuste<\/figcaption><\/figure><\/div><p>Para aqueles que preferem uma pausa pascal na Extremadura para se afastarem da cidade e se desligarem, recomendamos zonas como o Vale de Ambroz, onde se pode sentir em contacto com a natureza ou descobrir belas aldeias como Herv\u00e1s, um lugar ideal para desfrutar de spas que est\u00e3o muito perto da zona e onde pode dedicar tempo ao relaxamento e ao bem-estar.<\/p><\/div><\/div><\/div><div id=\"viewer-7if9r\" class=\"mm8Nw _1j-51 roLFQS _1FoOD _78FBa sk96G9 roLFQS public-DraftStyleDefault-block-depth0 fixed-tab-size public-DraftStyleDefault-text-ltr\"><span class=\"_2PHJq public-DraftStyleDefault-ltr\">Se n\u00e3o tem a certeza do que ver na Extremadura nesta P\u00e1scoa, visite cidades como Cuacos de Yuste, Jerte ou Mont\u00e1nchez e descubra o n\u00famero de op\u00e7\u00f5es de alojamento de luxo perfeito para uns dias de relaxamento. Desfrute da gastronomia tradicional de cada uma destas zonas, que t\u00eam as suas pr\u00f3prias denomina\u00e7\u00f5es de origem: o presunto ib\u00e9rico de Mont\u00e1nchez ou a cereja picota de Jerte, que poder\u00e1 desfrutar em temporada no pr\u00f3ximo m\u00eas de Maio. Entretanto, nesta semana da P\u00e1scoa, pode contemplar o belo espect\u00e1culo do <a class=\"_3Bkfb _1lsz7\" href=\"https:\/\/es.udestinations.com\/post\/consejos-para-disfrutar-de-la-fiesta-del-cerezo-en-flor\" target=\"_blank\" rel=\"noopener noreferrer\" data-hook=\"linkViewer\"><u class=\"_3zM-5\">flor de cerejeira<\/u><\/a> no Vale do Jerte. <\/span><\/div><div data-hook=\"rcv-block25\">\u00a0<\/div><div id=\"viewer-frbm1\" class=\"mm8Nw _1j-51 roLFQS _1FoOD _78FBa sk96G9 roLFQS public-DraftStyleDefault-block-depth0 fixed-tab-size public-DraftStyleDefault-text-ltr\"><span class=\"_2PHJq public-DraftStyleDefault-ltr\">\u00a0<\/span><\/div><div class=\"mm8Nw _1j-51 roLFQS _1FoOD _78FBa sk96G9 roLFQS public-DraftStyleDefault-block-depth0 fixed-tab-size public-DraftStyleDefault-text-ltr\"><span class=\"_2PHJq public-DraftStyleDefault-ltr\" style=\"color: #ecd66c;\"><strong>Conhe\u00e7a as tradi\u00e7\u00f5es \u00fanicas<\/strong><\/span><\/div><p id=\"viewer-pnaq\" class=\"mm8Nw _1j-51 roLFQS _1FoOD _78FBa sk96G9 roLFQS public-DraftStyleDefault-block-depth0 fixed-tab-size public-DraftStyleDefault-text-ltr\"><span class=\"_2PHJq public-DraftStyleDefault-ltr\">Se quiser experimentar a Semana Santa na Extremadura, h\u00e1 muitas cidades e vilas com tradi\u00e7\u00f5es que pode conhecer. Estas datas s\u00e3o um bom momento para visitar as cidades da regi\u00e3o, porque pode ver a famosa prociss\u00e3o do Cristo Negro em C\u00e1ceres ou as Esta\u00e7\u00f5es da Cruz em M\u00e9rida, no cen\u00e1rio \u00fanico do anfiteatro romano. <\/span><\/p><div id=\"viewer-6629q\" class=\"mm8Nw _1j-51 roLFQS _1FoOD _78FBa sk96G9 roLFQS public-DraftStyleDefault-block-depth0 fixed-tab-size public-DraftStyleDefault-text-ltr\"><span class=\"_2PHJq public-DraftStyleDefault-ltr\">Sem d\u00favida, algumas das tradi\u00e7\u00f5es mais curiosas incluem <a class=\"_3Bkfb _1lsz7\" href=\"https:\/\/www.udestinations.com\/post\/qui%C3%A9nes-son-los-empalaos-de-semana-santa\" target=\"_blank\" rel=\"noopener noreferrer\" data-hook=\"linkViewer\"><u class=\"_3zM-5\">Os impalaos<\/u><\/a> em Valverde de la Vera ou a Paix\u00e3o Viva em Oliva de la Frontera, cuja fama est\u00e1 a crescer todos os anos. A sua representa\u00e7\u00e3o da Paix\u00e3o de Cristo \u00e9 requintada gra\u00e7as ao envolvimento de todos os habitantes da aldeia, que deixam a aldeia totalmente estabelecida no tempo de Jesus Cristo. Eles s\u00e3o espet\u00e1culos \u00fanicos para ver se voc\u00ea \u00e9 crente ou n\u00e3o, devido \u00e0 grande encena\u00e7\u00e3o e ao respeito com que estas tradi\u00e7\u00f5es s\u00e3o levadas a cabo. <\/span><\/div>\t\t\t\t\t\t<\/div>\n\t\t\t\t<\/div>\n\t\t\t\t<div class=\"elementor-element elementor-element-5831846 elementor-widget elementor-widget-image\" data-id=\"5831846\" data-element_type=\"widget\" data-widget_type=\"image.default\">\n\t\t\t\t<div class=\"elementor-widget-container\">\n\t\t\t\t\t\t\t\t\t\t<figure class=\"wp-caption\">\n\t\t\t\t\t\t\t\t\t\t<img loading=\"lazy\" decoding=\"async\" width=\"1024\" height=\"682\" src=\"https:\/\/udestinations.es\/wp-content\/uploads\/2023\/04\/santa5-1024x682.webp\" class=\"attachment-large size-large wp-image-8332\" alt=\"\" srcset=\"https:\/\/udestinations.es\/wp-content\/uploads\/2023\/04\/santa5-1024x682.webp 1024w, https:\/\/udestinations.es\/wp-content\/uploads\/2023\/04\/santa5-300x200.webp 300w, https:\/\/udestinations.es\/wp-content\/uploads\/2023\/04\/santa5-768x512.webp 768w, https:\/\/udestinations.es\/wp-content\/uploads\/2023\/04\/santa5-18x12.webp 18w, https:\/\/udestinations.es\/wp-content\/uploads\/2023\/04\/santa5-930x620.webp 930w, https:\/\/udestinations.es\/wp-content\/uploads\/2023\/04\/santa5-600x400.webp 600w, https:\/\/udestinations.es\/wp-content\/uploads\/2023\/04\/santa5.webp 1280w\" sizes=\"(max-width: 1024px) 100vw, 1024px\" \/>\t\t\t\t\t\t\t\t\t\t\t<figcaption class=\"widget-image-caption wp-caption-text\">Fonte: turismoextremadura.com<\/figcaption>\n\t\t\t\t\t\t\t\t\t\t<\/figure>\n\t\t\t\t\t\t\t<\/div>\n\t\t\t\t<\/div>\n\t\t\t\t<div class=\"elementor-element elementor-element-c8dcadf elementor-widget elementor-widget-text-editor\" data-id=\"c8dcadf\" data-element_type=\"widget\" data-widget_type=\"text-editor.default\">\n\t\t\t\t<div class=\"elementor-widget-container\">\n\t\t\t\t\t\t\t<p class=\"mm8Nw _1j-51 roLFQS _1FoOD _3M0Fe Z63qyL roLFQS public-DraftStyleDefault-block-depth0 fixed-tab-size public-DraftStyleDefault-text-ltr\">Se est\u00e1 a pensar ficar na Pen\u00ednsula Ib\u00e9rica nesta P\u00e1scoa, pode experimentar uma Semana Santa diferente e \u00fanica, com todas as op\u00e7\u00f5es \u00e0 sua disposi\u00e7\u00e3o. Se n\u00e3o souber onde ir de f\u00e9rias nesta P\u00e1scoa e quiser descobrir planos \u00fanicos a fazer durante esta \u00e9poca do ano ou se precisar de um itiner\u00e1rio personalizado, n\u00e3o hesite em <a class=\"_3Bkfb _1lsz7\" href=\"https:\/\/udestinations.es\/pt\/contacto\/\" target=\"_blank\" rel=\"noopener noreferrer\" data-hook=\"linkViewer\"><u class=\"_3zM-5\">contacte-nos.<\/u><\/a><\/p>\t\t\t\t\t\t<\/div>\n\t\t\t\t<\/div>\n\t\t\t\t\t<\/div>\n\t\t<\/div>\n\t\t\t\t\t<\/div>\n\t\t<\/section>\n\t\t\t\t<\/div>","protected":false},"excerpt":{"rendered":"<p>Para onde viajar nesta P\u00e1scoa em Espanha A P\u00e1scoa \u00e9 a altura ideal para passar uns dias fora e desligar-se da rotina. Quer prefira a praia ou a cidade, quer seja um daqueles que querem conhecer as tradi\u00e7\u00f5es da P\u00e1scoa ou fazer uma escapadela para se desligar e recarregar baterias,...&nbsp;<a href=\"https:\/\/udestinations.es\/pt\/dondeviajarestasemanasantaenespana\/\" rel=\"bookmark\">Ler mais \"<span class=\"screen-reader-text\">Para onde viajar nesta P\u00e1scoa em Espanha<\/span><\/a><\/p>","protected":false},"author":1,"featured_media":8332,"comment_status":"open","ping_status":"open","sticky":false,"template":"","format":"standard","meta":{"_acf_changed":false,"neve_meta_sidebar":"","neve_meta_container":"","neve_meta_enable_content_width":"off","neve_meta_content_width":70,"neve_meta_title_alignment":"","neve_meta_author_avatar":"","neve_post_elements_order":"[\"content\",\"tags\",\"comments\"]","neve_meta_disable_header":"","neve_meta_disable_footer":"","neve_meta_disable_title":"","neve_meta_reading_time":"","footnotes":""},"categories":[1],"tags":[],"class_list":["post-8329","post","type-post","status-publish","format-standard","has-post-thumbnail","hentry","category-uncategorized"],"acf":[],"yoast_head":"<!-- This site is optimized with the Yoast SEO Premium plugin v20.1 (Yoast SEO v23.8) - https:\/\/yoast.com\/wordpress\/plugins\/seo\/ -->\n<title>D\u00f3nde viajar esta Semana Santa en Espa\u00f1a<\/title>\n<meta name=\"description\" content=\"Ribera del Guadiana. A lo largo y ancho de la Pen\u00ednsula Ib\u00e9rica, las regiones vin\u00edcolas de gran prestigio se suceden en el territorio.\" \/>\n<meta name=\"robots\" content=\"index, follow, max-snippet:-1, max-image-preview:large, max-video-preview:-1\" \/>\n<link rel=\"canonical\" href=\"https:\/\/udestinations.es\/pt\/dondeviajarestasemanasantaenespana\/\" \/>\n<meta property=\"og:locale\" content=\"pt_PT\" \/>\n<meta property=\"og:type\" content=\"article\" \/>\n<meta property=\"og:title\" content=\"D\u00f3nde viajar esta Semana Santa en Espa\u00f1a\" \/>\n<meta property=\"og:description\" content=\"Ribera del Guadiana. A lo largo y ancho de la Pen\u00ednsula Ib\u00e9rica, las regiones vin\u00edcolas de gran prestigio se suceden en el territorio.\" \/>\n<meta property=\"og:url\" content=\"https:\/\/udestinations.es\/pt\/dondeviajarestasemanasantaenespana\/\" \/>\n<meta property=\"og:site_name\" content=\"uDestinations\" \/>\n<meta property=\"article:publisher\" content=\"https:\/\/www.facebook.com\/UDestinations.experiences\/\" \/>\n<meta property=\"article:published_time\" content=\"2023-04-02T10:32:59+00:00\" \/>\n<meta property=\"article:modified_time\" content=\"2023-04-27T10:13:19+00:00\" \/>\n<meta property=\"og:image\" content=\"https:\/\/udestinations.es\/wp-content\/uploads\/2023\/04\/santa5.webp\" \/>\n\t<meta property=\"og:image:width\" content=\"1280\" \/>\n\t<meta property=\"og:image:height\" content=\"853\" \/>\n\t<meta property=\"og:image:type\" content=\"image\/webp\" \/>\n<meta name=\"author\" content=\"admin\" \/>\n<meta name=\"twitter:card\" content=\"summary_large_image\" \/>\n<meta name=\"twitter:creator\" content=\"@udestinations_\" \/>\n<meta name=\"twitter:site\" content=\"@udestinations_\" \/>\n<meta name=\"twitter:label1\" content=\"Escrito por\" \/>\n\t<meta name=\"twitter:data1\" content=\"admin\" \/>\n\t<meta name=\"twitter:label2\" content=\"Tempo estimado de leitura\" \/>\n\t<meta name=\"twitter:data2\" content=\"4 minutos\" \/>\n<script type=\"application\/ld+json\" class=\"yoast-schema-graph\">{\"@context\":\"https:\/\/schema.org\",\"@graph\":[{\"@type\":\"WebPage\",\"@id\":\"https:\/\/udestinations.es\/dondeviajarestasemanasantaenespana\/\",\"url\":\"https:\/\/udestinations.es\/dondeviajarestasemanasantaenespana\/\",\"name\":\"D\u00f3nde viajar esta Semana Santa en Espa\u00f1a\",\"isPartOf\":{\"@id\":\"https:\/\/udestinations.es\/de\/#website\"},\"primaryImageOfPage\":{\"@id\":\"https:\/\/udestinations.es\/dondeviajarestasemanasantaenespana\/#primaryimage\"},\"image\":{\"@id\":\"https:\/\/udestinations.es\/dondeviajarestasemanasantaenespana\/#primaryimage\"},\"thumbnailUrl\":\"https:\/\/udestinations.es\/wp-content\/uploads\/2023\/04\/santa5.webp\",\"datePublished\":\"2023-04-02T10:32:59+00:00\",\"dateModified\":\"2023-04-27T10:13:19+00:00\",\"author\":{\"@id\":\"https:\/\/udestinations.es\/de\/#\/schema\/person\/8088e79ef2079e84ea76794d4334ee71\"},\"description\":\"Ribera del Guadiana. A lo largo y ancho de la Pen\u00ednsula Ib\u00e9rica, las regiones vin\u00edcolas de gran prestigio se suceden en el territorio.\",\"inLanguage\":\"pt-PT\",\"potentialAction\":[{\"@type\":\"ReadAction\",\"target\":[\"https:\/\/udestinations.es\/dondeviajarestasemanasantaenespana\/\"]}]},{\"@type\":\"ImageObject\",\"inLanguage\":\"pt-PT\",\"@id\":\"https:\/\/udestinations.es\/dondeviajarestasemanasantaenespana\/#primaryimage\",\"url\":\"https:\/\/udestinations.es\/wp-content\/uploads\/2023\/04\/santa5.webp\",\"contentUrl\":\"https:\/\/udestinations.es\/wp-content\/uploads\/2023\/04\/santa5.webp\",\"width\":1280,\"height\":853,\"caption\":\"Fuente: turismoextremadura.com\"},{\"@type\":\"WebSite\",\"@id\":\"https:\/\/udestinations.es\/de\/#website\",\"url\":\"https:\/\/udestinations.es\/de\/\",\"name\":\"uDestinations\",\"description\":\"\",\"potentialAction\":[{\"@type\":\"SearchAction\",\"target\":{\"@type\":\"EntryPoint\",\"urlTemplate\":\"https:\/\/udestinations.es\/de\/?s={search_term_string}\"},\"query-input\":{\"@type\":\"PropertyValueSpecification\",\"valueRequired\":true,\"valueName\":\"search_term_string\"}}],\"inLanguage\":\"pt-PT\"},{\"@type\":\"Person\",\"@id\":\"https:\/\/udestinations.es\/de\/#\/schema\/person\/8088e79ef2079e84ea76794d4334ee71\",\"name\":\"admin\",\"image\":{\"@type\":\"ImageObject\",\"inLanguage\":\"pt-PT\",\"@id\":\"https:\/\/udestinations.es\/de\/#\/schema\/person\/image\/\",\"url\":\"https:\/\/secure.gravatar.com\/avatar\/ff63818b95f758f630162236e11d96b8?s=96&d=mm&r=g\",\"contentUrl\":\"https:\/\/secure.gravatar.com\/avatar\/ff63818b95f758f630162236e11d96b8?s=96&d=mm&r=g\",\"caption\":\"admin\"}}]}<\/script>\n<!-- \/ Yoast SEO Premium plugin. -->","yoast_head_json":{"title":"D\u00f3nde viajar esta Semana Santa en Espa\u00f1a","description":"Ribera del Guadiana. A lo largo y ancho de la Pen\u00ednsula Ib\u00e9rica, las regiones vin\u00edcolas de gran prestigio se suceden en el territorio.","robots":{"index":"index","follow":"follow","max-snippet":"max-snippet:-1","max-image-preview":"max-image-preview:large","max-video-preview":"max-video-preview:-1"},"canonical":"https:\/\/udestinations.es\/pt\/dondeviajarestasemanasantaenespana\/","og_locale":"pt_PT","og_type":"article","og_title":"D\u00f3nde viajar esta Semana Santa en Espa\u00f1a","og_description":"Ribera del Guadiana. A lo largo y ancho de la Pen\u00ednsula Ib\u00e9rica, las regiones vin\u00edcolas de gran prestigio se suceden en el territorio.","og_url":"https:\/\/udestinations.es\/pt\/dondeviajarestasemanasantaenespana\/","og_site_name":"uDestinations","article_publisher":"https:\/\/www.facebook.com\/UDestinations.experiences\/","article_published_time":"2023-04-02T10:32:59+00:00","article_modified_time":"2023-04-27T10:13:19+00:00","og_image":[{"width":1280,"height":853,"url":"https:\/\/udestinations.es\/wp-content\/uploads\/2023\/04\/santa5.webp","type":"image\/webp"}],"author":"admin","twitter_card":"summary_large_image","twitter_creator":"@udestinations_","twitter_site":"@udestinations_","twitter_misc":{"Escrito por":"admin","Tempo estimado de leitura":"4 minutos"},"schema":{"@context":"https:\/\/schema.org","@graph":[{"@type":"WebPage","@id":"https:\/\/udestinations.es\/dondeviajarestasemanasantaenespana\/","url":"https:\/\/udestinations.es\/dondeviajarestasemanasantaenespana\/","name":"D\u00f3nde viajar esta Semana Santa en Espa\u00f1a","isPartOf":{"@id":"https:\/\/udestinations.es\/de\/#website"},"primaryImageOfPage":{"@id":"https:\/\/udestinations.es\/dondeviajarestasemanasantaenespana\/#primaryimage"},"image":{"@id":"https:\/\/udestinations.es\/dondeviajarestasemanasantaenespana\/#primaryimage"},"thumbnailUrl":"https:\/\/udestinations.es\/wp-content\/uploads\/2023\/04\/santa5.webp","datePublished":"2023-04-02T10:32:59+00:00","dateModified":"2023-04-27T10:13:19+00:00","author":{"@id":"https:\/\/udestinations.es\/de\/#\/schema\/person\/8088e79ef2079e84ea76794d4334ee71"},"description":"Ribera del Guadiana. A lo largo y ancho de la Pen\u00ednsula Ib\u00e9rica, las regiones vin\u00edcolas de gran prestigio se suceden en el territorio.","inLanguage":"pt-PT","potentialAction":[{"@type":"ReadAction","target":["https:\/\/udestinations.es\/dondeviajarestasemanasantaenespana\/"]}]},{"@type":"ImageObject","inLanguage":"pt-PT","@id":"https:\/\/udestinations.es\/dondeviajarestasemanasantaenespana\/#primaryimage","url":"https:\/\/udestinations.es\/wp-content\/uploads\/2023\/04\/santa5.webp","contentUrl":"https:\/\/udestinations.es\/wp-content\/uploads\/2023\/04\/santa5.webp","width":1280,"height":853,"caption":"Fuente: turismoextremadura.com"},{"@type":"WebSite","@id":"https:\/\/udestinations.es\/de\/#website","url":"https:\/\/udestinations.es\/de\/","name":"uDestinations","description":"","potentialAction":[{"@type":"SearchAction","target":{"@type":"EntryPoint","urlTemplate":"https:\/\/udestinations.es\/de\/?s={search_term_string}"},"query-input":{"@type":"PropertyValueSpecification","valueRequired":true,"valueName":"search_term_string"}}],"inLanguage":"pt-PT"},{"@type":"Person","@id":"https:\/\/udestinations.es\/de\/#\/schema\/person\/8088e79ef2079e84ea76794d4334ee71","name":"admin","image":{"@type":"ImageObject","inLanguage":"pt-PT","@id":"https:\/\/udestinations.es\/de\/#\/schema\/person\/image\/","url":"https:\/\/secure.gravatar.com\/avatar\/ff63818b95f758f630162236e11d96b8?s=96&d=mm&r=g","contentUrl":"https:\/\/secure.gravatar.com\/avatar\/ff63818b95f758f630162236e11d96b8?s=96&d=mm&r=g","caption":"admin"}}]}},"_links":{"self":[{"href":"https:\/\/udestinations.es\/pt\/wp-json\/wp\/v2\/posts\/8329","targetHints":{"allow":["GET"]}}],"collection":[{"href":"https:\/\/udestinations.es\/pt\/wp-json\/wp\/v2\/posts"}],"about":[{"href":"https:\/\/udestinations.es\/pt\/wp-json\/wp\/v2\/types\/post"}],"author":[{"embeddable":true,"href":"https:\/\/udestinations.es\/pt\/wp-json\/wp\/v2\/users\/1"}],"replies":[{"embeddable":true,"href":"https:\/\/udestinations.es\/pt\/wp-json\/wp\/v2\/comments?post=8329"}],"version-history":[{"count":15,"href":"https:\/\/udestinations.es\/pt\/wp-json\/wp\/v2\/posts\/8329\/revisions"}],"predecessor-version":[{"id":8536,"href":"https:\/\/udestinations.es\/pt\/wp-json\/wp\/v2\/posts\/8329\/revisions\/8536"}],"wp:featuredmedia":[{"embeddable":true,"href":"https:\/\/udestinations.es\/pt\/wp-json\/wp\/v2\/media\/8332"}],"wp:attachment":[{"href":"https:\/\/udestinations.es\/pt\/wp-json\/wp\/v2\/media?parent=8329"}],"wp:term":[{"taxonomy":"category","embeddable":true,"href":"https:\/\/udestinations.es\/pt\/wp-json\/wp\/v2\/categories?post=8329"},{"taxonomy":"post_tag","embeddable":true,"href":"https:\/\/udestinations.es\/pt\/wp-json\/wp\/v2\/tags?post=8329"}],"curies":[{"name":"wp","href":"https:\/\/api.w.org\/{rel}","templated":true}]}}