{"id":8248,"date":"2023-05-15T15:14:39","date_gmt":"2023-05-15T15:14:39","guid":{"rendered":"https:\/\/udestinations.es\/?p=8248"},"modified":"2023-04-21T10:22:00","modified_gmt":"2023-04-21T10:22:00","slug":"planesdiferentesparasanjuanlanochemasmagicadelano","status":"publish","type":"post","link":"https:\/\/udestinations.es\/pt\/planesdiferentesparasanjuanlanochemasmagicadelano\/","title":{"rendered":"Planos diferentes para San Juan, a noite mais m\u00e1gica do ano"},"content":{"rendered":"<div data-elementor-type=\"wp-post\" data-elementor-id=\"8248\" class=\"elementor elementor-8248\" data-elementor-post-type=\"post\">\n\t\t\t\t\t\t<section data-particle_enable=\"false\" data-particle-mobile-disabled=\"false\" class=\"elementor-section elementor-top-section elementor-element elementor-element-8e6cb9e elementor-section-boxed elementor-section-height-default elementor-section-height-default\" data-id=\"8e6cb9e\" data-element_type=\"section\" data-settings=\"{&quot;background_background&quot;:&quot;classic&quot;}\">\n\t\t\t\t\t\t<div class=\"elementor-container elementor-column-gap-default\">\n\t\t\t\t\t<div class=\"elementor-column elementor-col-100 elementor-top-column elementor-element elementor-element-4adfc69\" data-id=\"4adfc69\" data-element_type=\"column\">\n\t\t\t<div class=\"elementor-widget-wrap elementor-element-populated\">\n\t\t\t\t\t\t<div class=\"elementor-element elementor-element-7730256 elementor-widget elementor-widget-heading\" data-id=\"7730256\" data-element_type=\"widget\" data-widget_type=\"heading.default\">\n\t\t\t\t<div class=\"elementor-widget-container\">\n\t\t\t<style>\/*! elementor - v3.23.0 - 05-08-2024 *\/\n.elementor-heading-title{padding:0;margin:0;line-height:1}.elementor-widget-heading .elementor-heading-title[class*=elementor-size-]>a{color:inherit;font-size:inherit;line-height:inherit}.elementor-widget-heading .elementor-heading-title.elementor-size-small{font-size:15px}.elementor-widget-heading .elementor-heading-title.elementor-size-medium{font-size:19px}.elementor-widget-heading .elementor-heading-title.elementor-size-large{font-size:29px}.elementor-widget-heading .elementor-heading-title.elementor-size-xl{font-size:39px}.elementor-widget-heading .elementor-heading-title.elementor-size-xxl{font-size:59px}<\/style><h2 class=\"elementor-heading-title elementor-size-xl\">Planos diferentes para San Juan, a noite mais m\u00e1gica do ano<\/h2>\t\t<\/div>\n\t\t\t\t<\/div>\n\t\t\t\t<div class=\"elementor-element elementor-element-1a594e4 elementor-widget elementor-widget-text-editor\" data-id=\"1a594e4\" data-element_type=\"widget\" data-widget_type=\"text-editor.default\">\n\t\t\t\t<div class=\"elementor-widget-container\">\n\t\t\t<style>\/*! elementor - v3.23.0 - 05-08-2024 *\/\n.elementor-widget-text-editor.elementor-drop-cap-view-stacked .elementor-drop-cap{background-color:#69727d;color:#fff}.elementor-widget-text-editor.elementor-drop-cap-view-framed .elementor-drop-cap{color:#69727d;border:3px solid;background-color:transparent}.elementor-widget-text-editor:not(.elementor-drop-cap-view-default) .elementor-drop-cap{margin-top:8px}.elementor-widget-text-editor:not(.elementor-drop-cap-view-default) .elementor-drop-cap-letter{width:1em;height:1em}.elementor-widget-text-editor .elementor-drop-cap{float:left;text-align:center;line-height:1;font-size:50px}.elementor-widget-text-editor .elementor-drop-cap-letter{display:inline-block}<\/style>\t\t\t\t<p id=\"viewer-foo\" class=\"mm8Nw _1j-51 roLFQS _1FoOD _78FBa sk96G9 roLFQS public-DraftStyleDefault-block-depth0 fixed-tab-size public-DraftStyleDefault-text-ltr\"><span class=\"_2PHJq public-DraftStyleDefault-ltr\">A noite de 23 de junho \u00e9 a noite mais curta do ano no hemisf\u00e9rio norte e \u00e9 uma festa m\u00e1gica associada ao in\u00edcio do ver\u00e3o.<\/span><\/p><p id=\"viewer-1c9al\" class=\"mm8Nw _1j-51 roLFQS _1FoOD _78FBa sk96G9 roLFQS public-DraftStyleDefault-block-depth0 fixed-tab-size public-DraftStyleDefault-text-ltr\"><span class=\"_2PHJq public-DraftStyleDefault-ltr\">A noite de S\u00e3o Jo\u00e3o \u00e9, na verdade, a adapta\u00e7\u00e3o crist\u00e3 da festa pag\u00e3 que celebra o solst\u00edcio de ver\u00e3o. Originalmente, acendiam-se fogueiras durante a noite para dar for\u00e7a ao sol e encoraj\u00e1-lo a prolongar a sua luz. O cristianismo retomou esta festa e associou-a tamb\u00e9m ao nascimento de S\u00e3o Jo\u00e3o Batista. <\/span><\/p><p id=\"viewer-7rkf0\" class=\"mm8Nw _1j-51 roLFQS _1FoOD _78FBa sk96G9 roLFQS public-DraftStyleDefault-block-depth0 fixed-tab-size public-DraftStyleDefault-text-ltr\"><span class=\"_2PHJq public-DraftStyleDefault-ltr\">S\u00e3o muitas as tradi\u00e7\u00f5es que rodeiam esta festa e muitos os ritos que se realizam consoante a supersti\u00e7\u00e3o e o local onde se realiza. Alguns dos mais conhecidos s\u00e3o a queima de objectos para deixar para tr\u00e1s o mal e atrair o bem; saltar sobre fogueiras at\u00e9 sete vezes para obter boa sorte durante o ano; banhar-se no mar \u00e0 noite para purificar o corpo ou pedir desejos \u00e0s estrelas. <\/span><\/p>\t\t\t\t\t\t<\/div>\n\t\t\t\t<\/div>\n\t\t\t\t<div class=\"elementor-element elementor-element-8d9a19c elementor-widget elementor-widget-image\" data-id=\"8d9a19c\" data-element_type=\"widget\" data-widget_type=\"image.default\">\n\t\t\t\t<div class=\"elementor-widget-container\">\n\t\t\t<style>\/*! elementor - v3.23.0 - 05-08-2024 *\/\n.elementor-widget-image{text-align:center}.elementor-widget-image a{display:inline-block}.elementor-widget-image a img[src$=\".svg\"]{width:48px}.elementor-widget-image img{vertical-align:middle;display:inline-block}<\/style>\t\t\t\t\t\t\t<figure class=\"wp-caption\">\n\t\t\t\t\t\t\t\t\t\t<img fetchpriority=\"high\" decoding=\"async\" width=\"1024\" height=\"683\" src=\"https:\/\/udestinations.es\/wp-content\/uploads\/2023\/04\/juan1-1024x683.webp\" class=\"attachment-large size-large wp-image-8250\" alt=\"\" srcset=\"https:\/\/udestinations.es\/wp-content\/uploads\/2023\/04\/juan1-1024x683.webp 1024w, https:\/\/udestinations.es\/wp-content\/uploads\/2023\/04\/juan1-300x200.webp 300w, https:\/\/udestinations.es\/wp-content\/uploads\/2023\/04\/juan1-768x512.webp 768w, https:\/\/udestinations.es\/wp-content\/uploads\/2023\/04\/juan1-1536x1024.webp 1536w, https:\/\/udestinations.es\/wp-content\/uploads\/2023\/04\/juan1-18x12.webp 18w, https:\/\/udestinations.es\/wp-content\/uploads\/2023\/04\/juan1-930x620.webp 930w, https:\/\/udestinations.es\/wp-content\/uploads\/2023\/04\/juan1.webp 1920w\" sizes=\"(max-width: 1024px) 100vw, 1024px\" \/>\t\t\t\t\t\t\t\t\t\t\t<figcaption class=\"widget-image-caption wp-caption-text\"><\/figcaption>\n\t\t\t\t\t\t\t\t\t\t<\/figure>\n\t\t\t\t\t\t\t<\/div>\n\t\t\t\t<\/div>\n\t\t\t\t<div class=\"elementor-element elementor-element-21bffb6 elementor-widget elementor-widget-text-editor\" data-id=\"21bffb6\" data-element_type=\"widget\" data-widget_type=\"text-editor.default\">\n\t\t\t\t<div class=\"elementor-widget-container\">\n\t\t\t\t\t\t\t<p id=\"viewer-82df5\" class=\"mm8Nw _1j-51 roLFQS _1FoOD _78FBa sk96G9 roLFQS public-DraftStyleDefault-block-depth0 fixed-tab-size public-DraftStyleDefault-text-ltr\"><span class=\"_2PHJq public-DraftStyleDefault-ltr\" style=\"color: #ecd66c;\"><strong>A noite de San Juan na Extremadura<\/strong><\/span><\/p><p class=\"mm8Nw _1j-51 roLFQS _1FoOD _78FBa sk96G9 roLFQS public-DraftStyleDefault-block-depth0 fixed-tab-size public-DraftStyleDefault-text-ltr\"><span class=\"_2PHJq public-DraftStyleDefault-ltr\">Na Extremadura, esta noite \u00e9 celebrada de muitas formas diferentes e \u00fanicas e vamos falar-lhe de algumas delas. <\/span><\/p><div id=\"viewer-c4mru\" class=\"_2vd5k b6lcWf\"><div class=\"_2kEVY\" tabindex=\"0\" role=\"button\" data-hook=\"imageViewer\"><div id=\"new-image2257\" class=\"_3WJnn _2i-Gt _2Ybje\"><figure id=\"attachment_8251\" aria-describedby=\"caption-attachment-8251\" style=\"width: 440px\" class=\"wp-caption alignright\"><a href=\"https:\/\/udestinations.es\/wp-content\/uploads\/2023\/04\/juan2.webp\"><img decoding=\"async\" class=\"wp-image-8251\" src=\"https:\/\/udestinations.es\/wp-content\/uploads\/2023\/04\/juan2-300x200.webp\" alt=\"\" width=\"440\" height=\"293\" srcset=\"https:\/\/udestinations.es\/wp-content\/uploads\/2023\/04\/juan2-300x200.webp 300w, https:\/\/udestinations.es\/wp-content\/uploads\/2023\/04\/juan2-768x512.webp 768w, https:\/\/udestinations.es\/wp-content\/uploads\/2023\/04\/juan2-18x12.webp 18w, https:\/\/udestinations.es\/wp-content\/uploads\/2023\/04\/juan2-600x400.webp 600w, https:\/\/udestinations.es\/wp-content\/uploads\/2023\/04\/juan2.webp 800w\" sizes=\"(max-width: 440px) 100vw, 440px\" \/><\/a><figcaption id=\"caption-attachment-8251\" class=\"wp-caption-text\">Fonte: Turismo da Extremadura<\/figcaption><\/figure><\/div><div class=\"\">Em Coria, a noite de hoje marca o in\u00edcio das festas locais, conhecidas como San Juanes, em que os touros s\u00e3o soltos pelas ruas da cidade at\u00e9 \u00e0 corrida de touros na pra\u00e7a de touros. Nos dias seguintes, realizam-se mais corridas de touros e a cidade enche-se de vida e de ambiente festivo.<\/div><\/div><\/div><div data-hook=\"rcv-block12\">\u00a0<\/div><div data-hook=\"rcv-block12\">\u00a0<\/div><div id=\"viewer-bae1r\" class=\"mm8Nw _1j-51 roLFQS _1FoOD _3M0Fe Z63qyL roLFQS public-DraftStyleDefault-block-depth0 fixed-tab-size public-DraftStyleDefault-text-ltr\">\u00a0<\/div><div>\u00a0<\/div><div>\u00a0<\/div><div>\u00a0<\/div><div>\u00a0<\/div><div id=\"viewer-bt3ji\" class=\"_2vd5k b6lcWf\"><div class=\"_2kEVY\" tabindex=\"0\" role=\"button\" data-hook=\"imageViewer\"><div id=\"new-image2258\" class=\"_3WJnn _2i-Gt _2Ybje\"><figure id=\"attachment_8252\" aria-describedby=\"caption-attachment-8252\" style=\"width: 432px\" class=\"wp-caption alignright\"><a href=\"https:\/\/udestinations.es\/wp-content\/uploads\/2023\/04\/juan3.webp\"><img decoding=\"async\" class=\"wp-image-8252\" src=\"https:\/\/udestinations.es\/wp-content\/uploads\/2023\/04\/juan3-300x197.webp\" alt=\"\" width=\"432\" height=\"283\" srcset=\"https:\/\/udestinations.es\/wp-content\/uploads\/2023\/04\/juan3-300x197.webp 300w, https:\/\/udestinations.es\/wp-content\/uploads\/2023\/04\/juan3-18x12.webp 18w, https:\/\/udestinations.es\/wp-content\/uploads\/2023\/04\/juan3.webp 500w\" sizes=\"(max-width: 432px) 100vw, 432px\" \/><\/a><figcaption id=\"caption-attachment-8252\" class=\"wp-caption-text\">Fonte: C\u00e2mara Municipal de Badajoz<\/figcaption><\/figure>Em Badajoz coincide com o grande dia da feira e \u00e9 celebrado com um espet\u00e1culo de fogo de artif\u00edcio nas margens do rio Guadiana que vale a pena ver pela sua beleza e pelo reflexo do fogo de artif\u00edcio na \u00e1gua do rio. Depois deste espet\u00e1culo, pode desfrutar das actividades, da m\u00fasica e do ambiente das bancas da feira de Badajoz, uma das maiores feiras da regi\u00e3o.<\/div><\/div><\/div><div id=\"viewer-arvod\" class=\"mm8Nw _1j-51 roLFQS _1FoOD _78FBa sk96G9 roLFQS public-DraftStyleDefault-block-depth0 fixed-tab-size public-DraftStyleDefault-text-ltr\">\u00a0<\/div><div>\u00a0<\/div><div>\u00a0<\/div><div>\u00a0<\/div><div>\u00a0<\/div><div>\u00a0<\/div><div id=\"viewer-e7pj3\" class=\"_2vd5k b6lcWf\"><div class=\"_2kEVY\" tabindex=\"0\" role=\"button\" data-hook=\"imageViewer\"><div id=\"new-image2259\" class=\"_3WJnn _2i-Gt _2Ybje\"><figure id=\"attachment_8253\" aria-describedby=\"caption-attachment-8253\" style=\"width: 441px\" class=\"wp-caption alignright\"><a href=\"https:\/\/udestinations.es\/wp-content\/uploads\/2023\/04\/juan4.webp\"><img loading=\"lazy\" decoding=\"async\" class=\"wp-image-8253\" src=\"https:\/\/udestinations.es\/wp-content\/uploads\/2023\/04\/juan4-300x185.webp\" alt=\"\" width=\"441\" height=\"272\" srcset=\"https:\/\/udestinations.es\/wp-content\/uploads\/2023\/04\/juan4-300x185.webp 300w, https:\/\/udestinations.es\/wp-content\/uploads\/2023\/04\/juan4-18x12.webp 18w, https:\/\/udestinations.es\/wp-content\/uploads\/2023\/04\/juan4-600x370.webp 600w, https:\/\/udestinations.es\/wp-content\/uploads\/2023\/04\/juan4.webp 624w\" sizes=\"(max-width: 441px) 100vw, 441px\" \/><\/a><figcaption id=\"caption-attachment-8253\" class=\"wp-caption-text\">Fonte: Hoy Olivenza<\/figcaption><\/figure><\/div><p>Em v\u00e1rias localidades da Extremadura, realiza-se a queima de bonecos, conhecida por diferentes nomes na regi\u00e3o. Em Oliven\u00e7a, \u00e9 conhecida como \"Mu\u00f1ecas de San Juan\", em Alconchel como \"Los Mastros\" e em Villanueva del Fresno como \"Juanitos\". Estas bonecas s\u00e3o normalmente feitas em tamanho humano e s\u00e3o recheadas com palha. Em algumas destas aldeias, como Olivenza, realiza-se um concurso para selecionar o boneco vencedor da festa, que \u00e9 queimado ao fim da noite numa fogueira.<\/p><\/div><\/div><p id=\"viewer-7aof\" class=\"mm8Nw _1j-51 roLFQS _1FoOD _78FBa sk96G9 roLFQS public-DraftStyleDefault-block-depth0 fixed-tab-size public-DraftStyleDefault-text-ltr\"><span class=\"_2PHJq public-DraftStyleDefault-ltr\" style=\"color: #ecd66c;\"><strong>Um tipo diferente de v\u00e9spera de solst\u00edcio de ver\u00e3o<\/strong><\/span><\/p><p id=\"viewer-fqqqf\" class=\"mm8Nw _1j-51 roLFQS _1FoOD _78FBa sk96G9 roLFQS public-DraftStyleDefault-block-depth0 fixed-tab-size public-DraftStyleDefault-text-ltr\"><span class=\"_2PHJq public-DraftStyleDefault-ltr\">Sendo a noite de S\u00e3o Jo\u00e3o uma noite muito especial e cheia de magia e tendo a Estremadura e o Alentejo um dos melhores c\u00e9us noturnos devido \u00e0 baixa polui\u00e7\u00e3o luminosa, propomos-lhe que viva esta festa de uma forma \u00fanica, realizando uma atividade de <a class=\"_3Bkfb _1lsz7\" href=\"https:\/\/es.udestinations.com\/post\/explora-el-firmamento-en-uno-de-los-mejores-cielos-de-europa-1\" target=\"_blank\" rel=\"noopener noreferrer\" data-hook=\"linkViewer\"><u class=\"_3zM-5\">astroturismo<\/u><\/a>aprender sobre o c\u00e9u para que n\u00e3o lhe falte nenhuma estrela para pedir o seu desejo na noite de 23 de junho. <\/span><\/p><div id=\"viewer-b90f8\" class=\"mm8Nw _1j-51 roLFQS _1FoOD _78FBa sk96G9 roLFQS public-DraftStyleDefault-block-depth0 fixed-tab-size public-DraftStyleDefault-text-ltr\"><span class=\"_2PHJq public-DraftStyleDefault-ltr\">A Extremadura e o Alentejo possuem o certificado de qualidade Starlight, bem como ambientes naturais ideais para a observa\u00e7\u00e3o do c\u00e9u noturno, onde pode desfrutar da noite mais m\u00e1gica do ano. <\/span><\/div><div id=\"viewer-b90f8\" class=\"mm8Nw _1j-51 roLFQS _1FoOD _78FBa sk96G9 roLFQS public-DraftStyleDefault-block-depth0 fixed-tab-size public-DraftStyleDefault-text-ltr\"><span class=\"_2PHJq public-DraftStyleDefault-ltr\">\u00a0<\/span><\/div>\t\t\t\t\t\t<\/div>\n\t\t\t\t<\/div>\n\t\t\t\t<div class=\"elementor-element elementor-element-2ff6ba7 elementor-widget elementor-widget-image\" data-id=\"2ff6ba7\" data-element_type=\"widget\" data-widget_type=\"image.default\">\n\t\t\t\t<div class=\"elementor-widget-container\">\n\t\t\t\t\t\t\t\t\t\t<figure class=\"wp-caption\">\n\t\t\t\t\t\t\t\t\t\t<img loading=\"lazy\" decoding=\"async\" width=\"1024\" height=\"533\" src=\"https:\/\/udestinations.es\/wp-content\/uploads\/2023\/04\/juan5.webp\" class=\"attachment-large size-large wp-image-8254\" alt=\"\" srcset=\"https:\/\/udestinations.es\/wp-content\/uploads\/2023\/04\/juan5.webp 1024w, https:\/\/udestinations.es\/wp-content\/uploads\/2023\/04\/juan5-300x156.webp 300w, https:\/\/udestinations.es\/wp-content\/uploads\/2023\/04\/juan5-768x400.webp 768w, https:\/\/udestinations.es\/wp-content\/uploads\/2023\/04\/juan5-18x9.webp 18w, https:\/\/udestinations.es\/wp-content\/uploads\/2023\/04\/juan5-600x312.webp 600w\" sizes=\"(max-width: 1024px) 100vw, 1024px\" \/>\t\t\t\t\t\t\t\t\t\t\t<figcaption class=\"widget-image-caption wp-caption-text\">Fonte: Turismo da Extremadura<\/figcaption>\n\t\t\t\t\t\t\t\t\t\t<\/figure>\n\t\t\t\t\t\t\t<\/div>\n\t\t\t\t<\/div>\n\t\t\t\t<div class=\"elementor-element elementor-element-6f15ae0 elementor-widget elementor-widget-text-editor\" data-id=\"6f15ae0\" data-element_type=\"widget\" data-widget_type=\"text-editor.default\">\n\t\t\t\t<div class=\"elementor-widget-container\">\n\t\t\t\t\t\t\t<p>Se estiver interessado em saber mais sobre as experi\u00eancias de astroturismo, n\u00e3o hesite em contactar-nos ou em adquiri-las atrav\u00e9s dos nossos vouchers de experi\u00eancias que lhe permitir\u00e3o usufruir em qualquer altura do ano e at\u00e9 oferec\u00ea-las como presente \u00e0quela pessoa especial.<\/p>\t\t\t\t\t\t<\/div>\n\t\t\t\t<\/div>\n\t\t\t\t<div class=\"elementor-element elementor-element-c8510fa elementor-align-center elementor-widget elementor-widget-button\" data-id=\"c8510fa\" data-element_type=\"widget\" data-widget_type=\"button.default\">\n\t\t\t\t<div class=\"elementor-widget-container\">\n\t\t\t\t\t<div class=\"elementor-button-wrapper\">\n\t\t\t<a class=\"elementor-button elementor-button-link elementor-size-sm\" href=\"https:\/\/udestinations.es\/pt\/produto\/bonos-experiencia-vive-b3\/\" target=\"_blank\">\n\t\t\t\t\t\t<span class=\"elementor-button-content-wrapper\">\n\t\t\t\t\t\t\t\t\t<span class=\"elementor-button-text\">Vale de oferta<\/span>\n\t\t\t\t\t<\/span>\n\t\t\t\t\t<\/a>\n\t\t<\/div>\n\t\t\t\t<\/div>\n\t\t\t\t<\/div>\n\t\t\t\t\t<\/div>\n\t\t<\/div>\n\t\t\t\t\t<\/div>\n\t\t<\/section>\n\t\t\t\t<\/div>","protected":false},"excerpt":{"rendered":"<p>Diferentes planos para o S\u00e3o Jo\u00e3o, a noite mais m\u00e1gica do ano A noite de 23 de junho \u00e9 a noite mais curta do ano no hemisf\u00e9rio norte, e \u00e9 uma festa m\u00e1gica que est\u00e1 relacionada com o in\u00edcio do ver\u00e3o. A noite de S\u00e3o Jo\u00e3o \u00e9, de facto, a adapta\u00e7\u00e3o crist\u00e3 da festa de...&nbsp;<a href=\"https:\/\/udestinations.es\/pt\/planesdiferentesparasanjuanlanochemasmagicadelano\/\" rel=\"bookmark\">Ler mais \"<span class=\"screen-reader-text\">Planos diferentes para San Juan, a noite mais m\u00e1gica do ano<\/span><\/a><\/p>","protected":false},"author":1,"featured_media":8250,"comment_status":"open","ping_status":"open","sticky":false,"template":"","format":"standard","meta":{"_acf_changed":false,"neve_meta_sidebar":"","neve_meta_container":"","neve_meta_enable_content_width":"off","neve_meta_content_width":70,"neve_meta_title_alignment":"","neve_meta_author_avatar":"","neve_post_elements_order":"[\"content\",\"tags\",\"comments\"]","neve_meta_disable_header":"","neve_meta_disable_footer":"","neve_meta_disable_title":"on","neve_meta_reading_time":"","footnotes":""},"categories":[1],"tags":[],"class_list":["post-8248","post","type-post","status-publish","format-standard","has-post-thumbnail","hentry","category-uncategorized"],"acf":[],"yoast_head":"<!-- This site is optimized with the Yoast SEO Premium plugin v20.1 (Yoast SEO v23.8) - https:\/\/yoast.com\/wordpress\/plugins\/seo\/ -->\n<title>Planes diferentes para San Juan, la noche m\u00e1s m\u00e1gica del a\u00f1o<\/title>\n<meta name=\"description\" content=\"Ribera del Guadiana. A lo largo y ancho de la Pen\u00ednsula Ib\u00e9rica, las regiones vin\u00edcolas de gran prestigio se suceden en el territorio.\" \/>\n<meta name=\"robots\" content=\"index, follow, max-snippet:-1, max-image-preview:large, max-video-preview:-1\" \/>\n<link rel=\"canonical\" href=\"https:\/\/udestinations.es\/pt\/planesdiferentesparasanjuanlanochemasmagicadelano\/\" \/>\n<meta property=\"og:locale\" content=\"pt_PT\" \/>\n<meta property=\"og:type\" content=\"article\" \/>\n<meta property=\"og:title\" content=\"Planes diferentes para San Juan, la noche m\u00e1s m\u00e1gica del a\u00f1o\" \/>\n<meta property=\"og:description\" content=\"Ribera del Guadiana. A lo largo y ancho de la Pen\u00ednsula Ib\u00e9rica, las regiones vin\u00edcolas de gran prestigio se suceden en el territorio.\" \/>\n<meta property=\"og:url\" content=\"https:\/\/udestinations.es\/pt\/planesdiferentesparasanjuanlanochemasmagicadelano\/\" \/>\n<meta property=\"og:site_name\" content=\"uDestinations\" \/>\n<meta property=\"article:publisher\" content=\"https:\/\/www.facebook.com\/UDestinations.experiences\/\" \/>\n<meta property=\"article:published_time\" content=\"2023-05-15T15:14:39+00:00\" \/>\n<meta property=\"article:modified_time\" content=\"2023-04-21T10:22:00+00:00\" \/>\n<meta property=\"og:image\" content=\"https:\/\/udestinations.es\/wp-content\/uploads\/2023\/04\/juan1.webp\" \/>\n\t<meta property=\"og:image:width\" content=\"1920\" \/>\n\t<meta property=\"og:image:height\" content=\"1280\" \/>\n\t<meta property=\"og:image:type\" content=\"image\/webp\" \/>\n<meta name=\"author\" content=\"admin\" \/>\n<meta name=\"twitter:card\" content=\"summary_large_image\" \/>\n<meta name=\"twitter:creator\" content=\"@udestinations_\" \/>\n<meta name=\"twitter:site\" content=\"@udestinations_\" \/>\n<meta name=\"twitter:label1\" content=\"Escrito por\" \/>\n\t<meta name=\"twitter:data1\" content=\"admin\" \/>\n\t<meta name=\"twitter:label2\" content=\"Tempo estimado de leitura\" \/>\n\t<meta name=\"twitter:data2\" content=\"3 minutos\" \/>\n<script type=\"application\/ld+json\" class=\"yoast-schema-graph\">{\"@context\":\"https:\/\/schema.org\",\"@graph\":[{\"@type\":\"WebPage\",\"@id\":\"https:\/\/udestinations.es\/planesdiferentesparasanjuanlanochemasmagicadelano\/\",\"url\":\"https:\/\/udestinations.es\/planesdiferentesparasanjuanlanochemasmagicadelano\/\",\"name\":\"Planes diferentes para San Juan, la noche m\u00e1s m\u00e1gica del a\u00f1o\",\"isPartOf\":{\"@id\":\"https:\/\/udestinations.es\/de\/#website\"},\"primaryImageOfPage\":{\"@id\":\"https:\/\/udestinations.es\/planesdiferentesparasanjuanlanochemasmagicadelano\/#primaryimage\"},\"image\":{\"@id\":\"https:\/\/udestinations.es\/planesdiferentesparasanjuanlanochemasmagicadelano\/#primaryimage\"},\"thumbnailUrl\":\"https:\/\/udestinations.es\/wp-content\/uploads\/2023\/04\/juan1.webp\",\"datePublished\":\"2023-05-15T15:14:39+00:00\",\"dateModified\":\"2023-04-21T10:22:00+00:00\",\"author\":{\"@id\":\"https:\/\/udestinations.es\/de\/#\/schema\/person\/8088e79ef2079e84ea76794d4334ee71\"},\"description\":\"Ribera del Guadiana. A lo largo y ancho de la Pen\u00ednsula Ib\u00e9rica, las regiones vin\u00edcolas de gran prestigio se suceden en el territorio.\",\"inLanguage\":\"pt-PT\",\"potentialAction\":[{\"@type\":\"ReadAction\",\"target\":[\"https:\/\/udestinations.es\/planesdiferentesparasanjuanlanochemasmagicadelano\/\"]}]},{\"@type\":\"ImageObject\",\"inLanguage\":\"pt-PT\",\"@id\":\"https:\/\/udestinations.es\/planesdiferentesparasanjuanlanochemasmagicadelano\/#primaryimage\",\"url\":\"https:\/\/udestinations.es\/wp-content\/uploads\/2023\/04\/juan1.webp\",\"contentUrl\":\"https:\/\/udestinations.es\/wp-content\/uploads\/2023\/04\/juan1.webp\",\"width\":1920,\"height\":1280},{\"@type\":\"WebSite\",\"@id\":\"https:\/\/udestinations.es\/de\/#website\",\"url\":\"https:\/\/udestinations.es\/de\/\",\"name\":\"uDestinations\",\"description\":\"\",\"potentialAction\":[{\"@type\":\"SearchAction\",\"target\":{\"@type\":\"EntryPoint\",\"urlTemplate\":\"https:\/\/udestinations.es\/de\/?s={search_term_string}\"},\"query-input\":{\"@type\":\"PropertyValueSpecification\",\"valueRequired\":true,\"valueName\":\"search_term_string\"}}],\"inLanguage\":\"pt-PT\"},{\"@type\":\"Person\",\"@id\":\"https:\/\/udestinations.es\/de\/#\/schema\/person\/8088e79ef2079e84ea76794d4334ee71\",\"name\":\"admin\",\"image\":{\"@type\":\"ImageObject\",\"inLanguage\":\"pt-PT\",\"@id\":\"https:\/\/udestinations.es\/de\/#\/schema\/person\/image\/\",\"url\":\"https:\/\/secure.gravatar.com\/avatar\/ff63818b95f758f630162236e11d96b8?s=96&d=mm&r=g\",\"contentUrl\":\"https:\/\/secure.gravatar.com\/avatar\/ff63818b95f758f630162236e11d96b8?s=96&d=mm&r=g\",\"caption\":\"admin\"}}]}<\/script>\n<!-- \/ Yoast SEO Premium plugin. -->","yoast_head_json":{"title":"Planes diferentes para San Juan, la noche m\u00e1s m\u00e1gica del a\u00f1o","description":"Ribera del Guadiana. A lo largo y ancho de la Pen\u00ednsula Ib\u00e9rica, las regiones vin\u00edcolas de gran prestigio se suceden en el territorio.","robots":{"index":"index","follow":"follow","max-snippet":"max-snippet:-1","max-image-preview":"max-image-preview:large","max-video-preview":"max-video-preview:-1"},"canonical":"https:\/\/udestinations.es\/pt\/planesdiferentesparasanjuanlanochemasmagicadelano\/","og_locale":"pt_PT","og_type":"article","og_title":"Planes diferentes para San Juan, la noche m\u00e1s m\u00e1gica del a\u00f1o","og_description":"Ribera del Guadiana. A lo largo y ancho de la Pen\u00ednsula Ib\u00e9rica, las regiones vin\u00edcolas de gran prestigio se suceden en el territorio.","og_url":"https:\/\/udestinations.es\/pt\/planesdiferentesparasanjuanlanochemasmagicadelano\/","og_site_name":"uDestinations","article_publisher":"https:\/\/www.facebook.com\/UDestinations.experiences\/","article_published_time":"2023-05-15T15:14:39+00:00","article_modified_time":"2023-04-21T10:22:00+00:00","og_image":[{"width":1920,"height":1280,"url":"https:\/\/udestinations.es\/wp-content\/uploads\/2023\/04\/juan1.webp","type":"image\/webp"}],"author":"admin","twitter_card":"summary_large_image","twitter_creator":"@udestinations_","twitter_site":"@udestinations_","twitter_misc":{"Escrito por":"admin","Tempo estimado de leitura":"3 minutos"},"schema":{"@context":"https:\/\/schema.org","@graph":[{"@type":"WebPage","@id":"https:\/\/udestinations.es\/planesdiferentesparasanjuanlanochemasmagicadelano\/","url":"https:\/\/udestinations.es\/planesdiferentesparasanjuanlanochemasmagicadelano\/","name":"Planes diferentes para San Juan, la noche m\u00e1s m\u00e1gica del a\u00f1o","isPartOf":{"@id":"https:\/\/udestinations.es\/de\/#website"},"primaryImageOfPage":{"@id":"https:\/\/udestinations.es\/planesdiferentesparasanjuanlanochemasmagicadelano\/#primaryimage"},"image":{"@id":"https:\/\/udestinations.es\/planesdiferentesparasanjuanlanochemasmagicadelano\/#primaryimage"},"thumbnailUrl":"https:\/\/udestinations.es\/wp-content\/uploads\/2023\/04\/juan1.webp","datePublished":"2023-05-15T15:14:39+00:00","dateModified":"2023-04-21T10:22:00+00:00","author":{"@id":"https:\/\/udestinations.es\/de\/#\/schema\/person\/8088e79ef2079e84ea76794d4334ee71"},"description":"Ribera del Guadiana. A lo largo y ancho de la Pen\u00ednsula Ib\u00e9rica, las regiones vin\u00edcolas de gran prestigio se suceden en el territorio.","inLanguage":"pt-PT","potentialAction":[{"@type":"ReadAction","target":["https:\/\/udestinations.es\/planesdiferentesparasanjuanlanochemasmagicadelano\/"]}]},{"@type":"ImageObject","inLanguage":"pt-PT","@id":"https:\/\/udestinations.es\/planesdiferentesparasanjuanlanochemasmagicadelano\/#primaryimage","url":"https:\/\/udestinations.es\/wp-content\/uploads\/2023\/04\/juan1.webp","contentUrl":"https:\/\/udestinations.es\/wp-content\/uploads\/2023\/04\/juan1.webp","width":1920,"height":1280},{"@type":"WebSite","@id":"https:\/\/udestinations.es\/de\/#website","url":"https:\/\/udestinations.es\/de\/","name":"uDestinations","description":"","potentialAction":[{"@type":"SearchAction","target":{"@type":"EntryPoint","urlTemplate":"https:\/\/udestinations.es\/de\/?s={search_term_string}"},"query-input":{"@type":"PropertyValueSpecification","valueRequired":true,"valueName":"search_term_string"}}],"inLanguage":"pt-PT"},{"@type":"Person","@id":"https:\/\/udestinations.es\/de\/#\/schema\/person\/8088e79ef2079e84ea76794d4334ee71","name":"admin","image":{"@type":"ImageObject","inLanguage":"pt-PT","@id":"https:\/\/udestinations.es\/de\/#\/schema\/person\/image\/","url":"https:\/\/secure.gravatar.com\/avatar\/ff63818b95f758f630162236e11d96b8?s=96&d=mm&r=g","contentUrl":"https:\/\/secure.gravatar.com\/avatar\/ff63818b95f758f630162236e11d96b8?s=96&d=mm&r=g","caption":"admin"}}]}},"_links":{"self":[{"href":"https:\/\/udestinations.es\/pt\/wp-json\/wp\/v2\/posts\/8248","targetHints":{"allow":["GET"]}}],"collection":[{"href":"https:\/\/udestinations.es\/pt\/wp-json\/wp\/v2\/posts"}],"about":[{"href":"https:\/\/udestinations.es\/pt\/wp-json\/wp\/v2\/types\/post"}],"author":[{"embeddable":true,"href":"https:\/\/udestinations.es\/pt\/wp-json\/wp\/v2\/users\/1"}],"replies":[{"embeddable":true,"href":"https:\/\/udestinations.es\/pt\/wp-json\/wp\/v2\/comments?post=8248"}],"version-history":[{"count":14,"href":"https:\/\/udestinations.es\/pt\/wp-json\/wp\/v2\/posts\/8248\/revisions"}],"predecessor-version":[{"id":8270,"href":"https:\/\/udestinations.es\/pt\/wp-json\/wp\/v2\/posts\/8248\/revisions\/8270"}],"wp:featuredmedia":[{"embeddable":true,"href":"https:\/\/udestinations.es\/pt\/wp-json\/wp\/v2\/media\/8250"}],"wp:attachment":[{"href":"https:\/\/udestinations.es\/pt\/wp-json\/wp\/v2\/media?parent=8248"}],"wp:term":[{"taxonomy":"category","embeddable":true,"href":"https:\/\/udestinations.es\/pt\/wp-json\/wp\/v2\/categories?post=8248"},{"taxonomy":"post_tag","embeddable":true,"href":"https:\/\/udestinations.es\/pt\/wp-json\/wp\/v2\/tags?post=8248"}],"curies":[{"name":"wp","href":"https:\/\/api.w.org\/{rel}","templated":true}]}}