{"id":3382,"date":"2023-04-21T11:10:30","date_gmt":"2023-04-21T11:10:30","guid":{"rendered":"https:\/\/udestinations.es\/?p=3382"},"modified":"2023-04-21T16:15:09","modified_gmt":"2023-04-21T16:15:09","slug":"cuatro-razones-para-visitar-merida-en-mayo","status":"publish","type":"post","link":"https:\/\/udestinations.es\/pt\/cuatro-razones-para-visitar-merida-en-mayo\/","title":{"rendered":"Quatro raz\u00f5es para visitar M\u00e9rida em Maio"},"content":{"rendered":"<div data-elementor-type=\"wp-post\" data-elementor-id=\"3382\" class=\"elementor elementor-3382\" data-elementor-post-type=\"post\">\n\t\t\t\t\t\t<section data-particle_enable=\"false\" data-particle-mobile-disabled=\"false\" class=\"elementor-section elementor-top-section elementor-element elementor-element-3cfc33f elementor-section-boxed elementor-section-height-default elementor-section-height-default\" data-id=\"3cfc33f\" data-element_type=\"section\" data-settings=\"{&quot;background_background&quot;:&quot;classic&quot;}\">\n\t\t\t\t\t\t<div class=\"elementor-container elementor-column-gap-default\">\n\t\t\t\t\t<div class=\"elementor-column elementor-col-100 elementor-top-column elementor-element elementor-element-d6d415f\" data-id=\"d6d415f\" data-element_type=\"column\">\n\t\t\t<div class=\"elementor-widget-wrap elementor-element-populated\">\n\t\t\t\t\t\t<div class=\"elementor-element elementor-element-380700f elementor-widget elementor-widget-heading\" data-id=\"380700f\" data-element_type=\"widget\" data-widget_type=\"heading.default\">\n\t\t\t\t<div class=\"elementor-widget-container\">\n\t\t\t<style>\/*! elementor - v3.23.0 - 05-08-2024 *\/\n.elementor-heading-title{padding:0;margin:0;line-height:1}.elementor-widget-heading .elementor-heading-title[class*=elementor-size-]>a{color:inherit;font-size:inherit;line-height:inherit}.elementor-widget-heading .elementor-heading-title.elementor-size-small{font-size:15px}.elementor-widget-heading .elementor-heading-title.elementor-size-medium{font-size:19px}.elementor-widget-heading .elementor-heading-title.elementor-size-large{font-size:29px}.elementor-widget-heading .elementor-heading-title.elementor-size-xl{font-size:39px}.elementor-widget-heading .elementor-heading-title.elementor-size-xxl{font-size:59px}<\/style><h1 class=\"elementor-heading-title elementor-size-default\">Quatro raz\u00f5es para visitar M\u00e9rida em Maio<\/h1>\t\t<\/div>\n\t\t\t\t<\/div>\n\t\t\t\t<div class=\"elementor-element elementor-element-4fb549a elementor-widget elementor-widget-text-editor\" data-id=\"4fb549a\" data-element_type=\"widget\" data-widget_type=\"text-editor.default\">\n\t\t\t\t<div class=\"elementor-widget-container\">\n\t\t\t<style>\/*! elementor - v3.23.0 - 05-08-2024 *\/\n.elementor-widget-text-editor.elementor-drop-cap-view-stacked .elementor-drop-cap{background-color:#69727d;color:#fff}.elementor-widget-text-editor.elementor-drop-cap-view-framed .elementor-drop-cap{color:#69727d;border:3px solid;background-color:transparent}.elementor-widget-text-editor:not(.elementor-drop-cap-view-default) .elementor-drop-cap{margin-top:8px}.elementor-widget-text-editor:not(.elementor-drop-cap-view-default) .elementor-drop-cap-letter{width:1em;height:1em}.elementor-widget-text-editor .elementor-drop-cap{float:left;text-align:center;line-height:1;font-size:50px}.elementor-widget-text-editor .elementor-drop-cap-letter{display:inline-block}<\/style>\t\t\t\t<p id=\"viewer-foo\" class=\"mm8Nw _1j-51 roLFQS _1FoOD _78FBa sk96G9 roLFQS public-DraftStyleDefault-block-depth0 fixed-tab-size public-DraftStyleDefault-text-ltr\"><span class=\"_2PHJq public-DraftStyleDefault-ltr\">\u00c9 sempre uma boa altura para visitar um lugar t\u00e3o \u00fanico e mergulhado na hist\u00f3ria como M\u00e9rida, mas Maio \u00e9 um m\u00eas em que pode descobrir esta cidade como era no tempo dos romanos. <\/span><\/p><p id=\"viewer-37lh0\" class=\"mm8Nw _1j-51 roLFQS _1FoOD _78FBa sk96G9 roLFQS public-DraftStyleDefault-block-depth0 fixed-tab-size public-DraftStyleDefault-text-ltr\"><span class=\"_2PHJq public-DraftStyleDefault-ltr\">M\u00e9rida possui um conjunto de monumentos do Patrim\u00f3nio Mundial, que s\u00e3o uma pequena amostra da import\u00e2ncia que teve na \u00e9poca romana, chegando mesmo a ser a capital da antiga Lusit\u00e2nia. <\/span><\/p><p id=\"viewer-6b53i\" class=\"mm8Nw _1j-51 roLFQS _1FoOD _78FBa sk96G9 roLFQS public-DraftStyleDefault-block-depth0 fixed-tab-size public-DraftStyleDefault-text-ltr\"><span class=\"_2PHJq public-DraftStyleDefault-ltr\">Aqui est\u00e3o 4 raz\u00f5es pelas quais voc\u00ea deve escolher visitar M\u00e9rida nesta altura do ano.<\/span><\/p>\t\t\t\t\t\t<\/div>\n\t\t\t\t<\/div>\n\t\t\t\t<div class=\"elementor-element elementor-element-074a9da elementor-widget elementor-widget-image\" data-id=\"074a9da\" data-element_type=\"widget\" data-widget_type=\"image.default\">\n\t\t\t\t<div class=\"elementor-widget-container\">\n\t\t\t<style>\/*! elementor - v3.23.0 - 05-08-2024 *\/\n.elementor-widget-image{text-align:center}.elementor-widget-image a{display:inline-block}.elementor-widget-image a img[src$=\".svg\"]{width:48px}.elementor-widget-image img{vertical-align:middle;display:inline-block}<\/style>\t\t\t\t\t\t\t\t\t\t<img fetchpriority=\"high\" decoding=\"async\" width=\"740\" height=\"555\" src=\"https:\/\/udestinations.es\/wp-content\/uploads\/2023\/02\/59ba77_8b4c9b0dac7d4082884ebe7eb638bd1d_mv2.webp\" class=\"attachment-large size-large wp-image-3384\" alt=\"\" srcset=\"https:\/\/udestinations.es\/wp-content\/uploads\/2023\/02\/59ba77_8b4c9b0dac7d4082884ebe7eb638bd1d_mv2.webp 740w, https:\/\/udestinations.es\/wp-content\/uploads\/2023\/02\/59ba77_8b4c9b0dac7d4082884ebe7eb638bd1d_mv2-300x225.webp 300w, https:\/\/udestinations.es\/wp-content\/uploads\/2023\/02\/59ba77_8b4c9b0dac7d4082884ebe7eb638bd1d_mv2-16x12.webp 16w, https:\/\/udestinations.es\/wp-content\/uploads\/2023\/02\/59ba77_8b4c9b0dac7d4082884ebe7eb638bd1d_mv2-600x450.webp 600w\" sizes=\"(max-width: 740px) 100vw, 740px\" \/>\t\t\t\t\t\t\t\t\t\t\t\t\t<\/div>\n\t\t\t\t<\/div>\n\t\t\t\t<div class=\"elementor-element elementor-element-10079e4 elementor-widget elementor-widget-text-editor\" data-id=\"10079e4\" data-element_type=\"widget\" data-widget_type=\"text-editor.default\">\n\t\t\t\t<div class=\"elementor-widget-container\">\n\t\t\t\t\t\t\t<h6 id=\"viewer-9rml1\" class=\"mm8Nw _1j-51 roLFQS _1FoOD _3M0Fe Z63qyL roLFQS public-DraftStyleDefault-block-depth0 fixed-tab-size public-DraftStyleDefault-text-ltr\"><strong>1. conhecer a cidade ao seu pr\u00f3prio ritmo<\/strong><\/h6><p class=\"mm8Nw _1j-51 roLFQS _1FoOD _3M0Fe Z63qyL roLFQS public-DraftStyleDefault-block-depth0 fixed-tab-size public-DraftStyleDefault-text-ltr\">O Ver\u00e3o \u00e9 a \u00e9poca do ano que mais turistas traz para a cidade, coincidindo com a c\u00e9lebre cidade <a class=\"_3Bkfb _1lsz7\" href=\"https:\/\/es.udestinations.com\/post\/cuatro-curiosidades-del-festival-de-teatro-cl%C3%A1sico-de-m%C3%A9rida\" target=\"_blank\" rel=\"noopener noreferrer\" data-hook=\"linkViewer\"><u class=\"_3zM-5\">Festival de Teatro Cl\u00e1ssico<\/u><\/a> e o bom tempo na pen\u00ednsula. Contudo, Maio \u00e9 um m\u00eas que lhe permite desfrutar da cidade com temperaturas mais amenas e sem a encontrar superlotada de turistas, pelo que n\u00e3o ter\u00e1 problemas em descobrir cada canto da cidade e em se ligar mais de perto com a cultura local.<\/p><h6 id=\"viewer-dv6gp\" class=\"mm8Nw _1j-51 roLFQS _1FoOD _78FBa sk96G9 roLFQS public-DraftStyleDefault-block-depth0 fixed-tab-size public-DraftStyleDefault-text-ltr\"><span class=\"_2PHJq public-DraftStyleDefault-ltr\"><strong>2. viajar de volta no tempo para a era romana <\/strong><\/span><\/h6><p id=\"viewer-58hbf\" class=\"mm8Nw _1j-51 roLFQS _1FoOD _78FBa sk96G9 roLFQS public-DraftStyleDefault-block-depth0 fixed-tab-size public-DraftStyleDefault-text-ltr\"><span class=\"_2PHJq public-DraftStyleDefault-ltr\">Este ano, Maio \u00e9 o m\u00eas de Maio para o <a class=\"_3Bkfb _1lsz7\" href=\"https:\/\/es.udestinations.com\/post\/emerita-lvdica-reviva-la-%C3%A9poca-del-imperio-romano-1\" target=\"_blank\" rel=\"noopener noreferrer\" data-hook=\"linkViewer\"><u class=\"_3zM-5\">Festival \"Em\u00e9rita Lvdica<\/u><\/a>O evento tem lugar todos os anos, em que os locais reencenam como era a vida na cidade no tempo dos romanos. <\/span><\/p><p id=\"viewer-egmb4\" class=\"mm8Nw _1j-51 roLFQS _1FoOD _78FBa sk96G9 roLFQS public-DraftStyleDefault-block-depth0 fixed-tab-size public-DraftStyleDefault-text-ltr\"><span class=\"_2PHJq public-DraftStyleDefault-ltr\">Mercados romanos, ritos, venda de escravos e lutas de gladiadores, entre outras actividades, s\u00e3o realizados em diferentes monumentos da cidade, tais como os templos romanos, o f\u00f3rum, o anfiteatro e as pra\u00e7as. Durante dias, a cidade \u00e9 transformada na atmosfera da antiga Emerita Augusta, proporcionando uma experi\u00eancia romana \u00fanica. <\/span><\/p><p id=\"viewer-dasu5\" class=\"mm8Nw _1j-51 roLFQS _1FoOD _78FBa sk96G9 roLFQS public-DraftStyleDefault-block-depth0 fixed-tab-size public-DraftStyleDefault-text-ltr\"><span class=\"_2PHJq public-DraftStyleDefault-ltr\">Esta \u00e9 a melhor oportunidade para conhecer o verdadeiro Imp\u00e9rio Romano que foi a antiga capital da Lusit\u00e2nia.<\/span><\/p>\t\t\t\t\t\t<\/div>\n\t\t\t\t<\/div>\n\t\t\t\t<div class=\"elementor-element elementor-element-1f70fde elementor-widget elementor-widget-video\" data-id=\"1f70fde\" data-element_type=\"widget\" data-settings=\"{&quot;youtube_url&quot;:&quot;https:\\\/\\\/www.youtube.com\\\/watch?v=gMrjqirGGIM&quot;,&quot;video_type&quot;:&quot;youtube&quot;,&quot;controls&quot;:&quot;yes&quot;}\" data-widget_type=\"video.default\">\n\t\t\t\t<div class=\"elementor-widget-container\">\n\t\t\t<style>\/*! elementor - v3.23.0 - 05-08-2024 *\/\n.elementor-widget-video .elementor-widget-container{overflow:hidden;transform:translateZ(0)}.elementor-widget-video .elementor-wrapper{aspect-ratio:var(--video-aspect-ratio)}.elementor-widget-video .elementor-wrapper iframe,.elementor-widget-video .elementor-wrapper video{height:100%;width:100%;display:flex;border:none;background-color:#000}@supports not (aspect-ratio:1\/1){.elementor-widget-video .elementor-wrapper{position:relative;overflow:hidden;height:0;padding-bottom:calc(100% \/ var(--video-aspect-ratio))}.elementor-widget-video .elementor-wrapper iframe,.elementor-widget-video .elementor-wrapper video{position:absolute;top:0;right:0;bottom:0;left:0}}.elementor-widget-video .elementor-open-inline .elementor-custom-embed-image-overlay{position:absolute;top:0;right:0;bottom:0;left:0;background-size:cover;background-position:50%}.elementor-widget-video .elementor-custom-embed-image-overlay{cursor:pointer;text-align:center}.elementor-widget-video .elementor-custom-embed-image-overlay:hover .elementor-custom-embed-play i{opacity:1}.elementor-widget-video .elementor-custom-embed-image-overlay img{display:block;width:100%;aspect-ratio:var(--video-aspect-ratio);-o-object-fit:cover;object-fit:cover;-o-object-position:center center;object-position:center center}@supports not (aspect-ratio:1\/1){.elementor-widget-video .elementor-custom-embed-image-overlay{position:relative;overflow:hidden;height:0;padding-bottom:calc(100% \/ var(--video-aspect-ratio))}.elementor-widget-video .elementor-custom-embed-image-overlay img{position:absolute;top:0;right:0;bottom:0;left:0}}.elementor-widget-video .e-hosted-video .elementor-video{-o-object-fit:cover;object-fit:cover}.e-con-inner>.elementor-widget-video,.e-con>.elementor-widget-video{width:var(--container-widget-width);--flex-grow:var(--container-widget-flex-grow)}<\/style>\t\t<div class=\"elementor-wrapper elementor-open-inline\">\n\t\t\t<div class=\"elementor-video\"><\/div>\t\t<\/div>\n\t\t\t\t<\/div>\n\t\t\t\t<\/div>\n\t\t\t\t<div class=\"elementor-element elementor-element-19e7868 elementor-widget elementor-widget-text-editor\" data-id=\"19e7868\" data-element_type=\"widget\" data-widget_type=\"text-editor.default\">\n\t\t\t\t<div class=\"elementor-widget-container\">\n\t\t\t\t\t\t\t<p>Festival Emerita Lvdica<\/p>\t\t\t\t\t\t<\/div>\n\t\t\t\t<\/div>\n\t\t\t\t<div class=\"elementor-element elementor-element-4e85cb8 elementor-widget elementor-widget-text-editor\" data-id=\"4e85cb8\" data-element_type=\"widget\" data-widget_type=\"text-editor.default\">\n\t\t\t\t<div class=\"elementor-widget-container\">\n\t\t\t\t\t\t\t<h6 id=\"viewer-19m78\" class=\"mm8Nw _1j-51 roLFQS _1FoOD _78FBa sk96G9 roLFQS public-DraftStyleDefault-block-depth0 fixed-tab-size public-DraftStyleDefault-text-ltr\"><span class=\"_2PHJq public-DraftStyleDefault-ltr\"><strong>3. voc\u00ea mesmo pode tornar-se um verdadeiro romano.<\/strong><\/span><\/h6><p id=\"viewer-f8guh\" class=\"mm8Nw _1j-51 roLFQS _1FoOD _78FBa sk96G9 roLFQS public-DraftStyleDefault-block-depth0 fixed-tab-size public-DraftStyleDefault-text-ltr\"><span class=\"_2PHJq public-DraftStyleDefault-ltr\">Durante as actividades que t\u00eam lugar durante estes dias, pode participar no jantar de degusta\u00e7\u00e3o que \u00e9 organizado, ao qual ter\u00e1 de assistir vestido de romano! Se a gastronomia e a boa comida s\u00e3o o seu forte, ter\u00e1 uma oportunidade \u00fanica de experimentar em primeira m\u00e3o como as pessoas comiam e bebiam na antiga Emerita Augusta. Esta actividade tem lugares muito limitados, por isso se n\u00e3o a quer perder, por favor n\u00e3o a perca, <a class=\"_3Bkfb _1lsz7\" href=\"https:\/\/es.udestinations.com\/contact-us\" target=\"_blank\" rel=\"noopener noreferrer\" data-hook=\"linkViewer\"><u class=\"_3zM-5\">entre em contacto connosco<\/u><\/a> para organizar o seu plano ideal.<\/span><\/p><h6 id=\"viewer-d1nie\" class=\"mm8Nw _1j-51 roLFQS _1FoOD _78FBa sk96G9 roLFQS public-DraftStyleDefault-block-depth0 fixed-tab-size public-DraftStyleDefault-text-ltr\"><span class=\"_2PHJq public-DraftStyleDefault-ltr\"><strong>4. Descubra os seus monumentos como nunca antes.<\/strong><\/span><\/h6><p id=\"viewer-9604g\" class=\"mm8Nw _1j-51 roLFQS _1FoOD _78FBa sk96G9 roLFQS public-DraftStyleDefault-block-depth0 fixed-tab-size public-DraftStyleDefault-text-ltr\"><span class=\"_2PHJq public-DraftStyleDefault-ltr\">Durante estes dias h\u00e1 uma noite muito especial chamada \"La Noche Romana en Blanco\" que consiste em abrir ao p\u00fablico os principais monumentos da cidade para que possam ser visitados gratuitamente. Consegue imaginar ver cen\u00e1rios t\u00e3o espl\u00eandidos e \u00fanicos como o Anfiteatro ou o Teatro Romano \u00e0 noite? Uma oportunidade de ver estes monumentos de uma perspectiva diferente e com uma atmosfera especial, que s\u00f3 poder\u00e1 ver em raras ocasi\u00f5es como esta.<\/span><\/p>\t\t\t\t\t\t<\/div>\n\t\t\t\t<\/div>\n\t\t\t\t<div class=\"elementor-element elementor-element-3861181 elementor-widget elementor-widget-image\" data-id=\"3861181\" data-element_type=\"widget\" data-widget_type=\"image.default\">\n\t\t\t\t<div class=\"elementor-widget-container\">\n\t\t\t\t\t\t\t\t\t\t<figure class=\"wp-caption\">\n\t\t\t\t\t\t\t\t\t\t\t<a href=\"https:\/\/merida.es\/\">\n\t\t\t\t\t\t\t<img decoding=\"async\" width=\"740\" height=\"493\" src=\"https:\/\/udestinations.es\/wp-content\/uploads\/2023\/02\/59ba77_9ac23f437f5b4bc1aef3d95968f56043_mv2.webp\" class=\"attachment-large size-large wp-image-3386\" alt=\"\" srcset=\"https:\/\/udestinations.es\/wp-content\/uploads\/2023\/02\/59ba77_9ac23f437f5b4bc1aef3d95968f56043_mv2.webp 740w, https:\/\/udestinations.es\/wp-content\/uploads\/2023\/02\/59ba77_9ac23f437f5b4bc1aef3d95968f56043_mv2-300x200.webp 300w, https:\/\/udestinations.es\/wp-content\/uploads\/2023\/02\/59ba77_9ac23f437f5b4bc1aef3d95968f56043_mv2-18x12.webp 18w, https:\/\/udestinations.es\/wp-content\/uploads\/2023\/02\/59ba77_9ac23f437f5b4bc1aef3d95968f56043_mv2-600x400.webp 600w\" sizes=\"(max-width: 740px) 100vw, 740px\" \/>\t\t\t\t\t\t\t\t<\/a>\n\t\t\t\t\t\t\t\t\t\t\t<figcaption class=\"widget-image-caption wp-caption-text\">Fonte: C\u00e2mara Municipal de M\u00e9rida<\/figcaption>\n\t\t\t\t\t\t\t\t\t\t<\/figure>\n\t\t\t\t\t\t\t<\/div>\n\t\t\t\t<\/div>\n\t\t\t\t<div class=\"elementor-element elementor-element-d155d34 elementor-widget elementor-widget-text-editor\" data-id=\"d155d34\" data-element_type=\"widget\" data-widget_type=\"text-editor.default\">\n\t\t\t\t<div class=\"elementor-widget-container\">\n\t\t\t\t\t\t\t<p id=\"viewer-6gteb\" class=\"mm8Nw _1j-51 roLFQS _1FoOD _78FBa sk96G9 roLFQS public-DraftStyleDefault-block-depth0 fixed-tab-size public-DraftStyleDefault-text-ltr\"><span class=\"_2PHJq public-DraftStyleDefault-ltr\">M\u00e9rida \u00e9 sem d\u00favida uma cidade que tem muito a oferecer, especialmente se souber como escolher as datas ideais para a visitar. <\/span><\/p><p id=\"viewer-amqvs\" class=\"mm8Nw _1j-51 roLFQS _1FoOD _78FBa sk96G9 roLFQS public-DraftStyleDefault-block-depth0 fixed-tab-size public-DraftStyleDefault-text-ltr\"><span class=\"_2PHJq public-DraftStyleDefault-ltr\">Se n\u00e3o quiser perder estas celebra\u00e7\u00f5es, recomendamos que as organize com anteced\u00eancia e aproveite a oportunidade para conhecer as \u00e1reas mais pr\u00f3ximas.<\/span><\/p><p id=\"viewer-2oigd\" class=\"mm8Nw _1j-51 roLFQS _1FoOD _78FBa sk96G9 roLFQS public-DraftStyleDefault-block-depth0 fixed-tab-size public-DraftStyleDefault-text-ltr\"><span class=\"_2PHJq public-DraftStyleDefault-ltr\">Se estiver interessado em desfrutar desta cidade ao seu pr\u00f3prio ritmo e escolher o seu itiner\u00e1rio de acordo com as suas prefer\u00eancias, assim como obter recomenda\u00e7\u00f5es de alojamento e restaurantes, planos nas \u00e1reas circundantes e muitas mais dicas, n\u00e3o perca o seu guia de viagem.<\/span><\/p>\t\t\t\t\t\t<\/div>\n\t\t\t\t<\/div>\n\t\t\t\t<div class=\"elementor-element elementor-element-add1c9b elementor-align-center elementor-widget elementor-widget-button\" data-id=\"add1c9b\" data-element_type=\"widget\" data-widget_type=\"button.default\">\n\t\t\t\t<div class=\"elementor-widget-container\">\n\t\t\t\t\t<div class=\"elementor-button-wrapper\">\n\t\t\t<a class=\"elementor-button elementor-button-link elementor-size-sm\" href=\"https:\/\/udestinations.es\/pt\/su-guia-viaje\/\" target=\"_blank\">\n\t\t\t\t\t\t<span class=\"elementor-button-content-wrapper\">\n\t\t\t\t\t\t\t\t\t<span class=\"elementor-button-text\">O meu Guia de Viagem<\/span>\n\t\t\t\t\t<\/span>\n\t\t\t\t\t<\/a>\n\t\t<\/div>\n\t\t\t\t<\/div>\n\t\t\t\t<\/div>\n\t\t\t\t<div class=\"elementor-element elementor-element-64dd99b elementor-widget elementor-widget-text-editor\" data-id=\"64dd99b\" data-element_type=\"widget\" data-widget_type=\"text-editor.default\">\n\t\t\t\t<div class=\"elementor-widget-container\">\n\t\t\t\t\t\t\t<p id=\"viewer-2oigd\" class=\"mm8Nw _1j-51 roLFQS _1FoOD _78FBa sk96G9 roLFQS public-DraftStyleDefault-block-depth0 fixed-tab-size public-DraftStyleDefault-text-ltr\"><span class=\"_2PHJq public-DraftStyleDefault-ltr\">Por outro lado, se deseja visitar esta cidade maravilhosa e aproveitar ao m\u00e1ximo a sua escapadela, tendo tudo organizado de acordo com os seus gostos, necessidades e or\u00e7amento, tendo todos os conselhos locais, n\u00e3o hesite em contactar-nos, somos especialistas na \u00e1rea e teremos todo o prazer em ajud\u00e1-lo a organizar uma escapadela inesquec\u00edvel.<\/span><\/p>\t\t\t\t\t\t<\/div>\n\t\t\t\t<\/div>\n\t\t\t\t<div class=\"elementor-element elementor-element-0bfda81 elementor-align-center elementor-widget elementor-widget-button\" data-id=\"0bfda81\" data-element_type=\"widget\" data-widget_type=\"button.default\">\n\t\t\t\t<div class=\"elementor-widget-container\">\n\t\t\t\t\t<div class=\"elementor-button-wrapper\">\n\t\t\t<a class=\"elementor-button elementor-button-link elementor-size-sm\" href=\"https:\/\/udestinations.es\/pt\/contacto\/\" target=\"_blank\">\n\t\t\t\t\t\t<span class=\"elementor-button-content-wrapper\">\n\t\t\t\t\t\t\t\t\t<span class=\"elementor-button-text\">Contacte-nos em<\/span>\n\t\t\t\t\t<\/span>\n\t\t\t\t\t<\/a>\n\t\t<\/div>\n\t\t\t\t<\/div>\n\t\t\t\t<\/div>\n\t\t\t\t\t<\/div>\n\t\t<\/div>\n\t\t\t\t\t<\/div>\n\t\t<\/section>\n\t\t\t\t<\/div>","protected":false},"excerpt":{"rendered":"<p>Quatro raz\u00f5es para visitar M\u00e9rida em maio \u00c9 sempre uma boa altura para visitar um lugar t\u00e3o \u00fanico e cheio de hist\u00f3ria como M\u00e9rida, mas maio \u00e9 um m\u00eas em que pode descobrir esta cidade tal como era no tempo dos romanos. M\u00e9rida possui um conjunto de Monumentos do Patrim\u00f3nio Mundial, que s\u00e3o um \u00f3timo local para...&nbsp;<a href=\"https:\/\/udestinations.es\/pt\/cuatro-razones-para-visitar-merida-en-mayo\/\" rel=\"bookmark\">Ler mais \"<span class=\"screen-reader-text\">Quatro raz\u00f5es para visitar M\u00e9rida em Maio<\/span><\/a><\/p>","protected":false},"author":1,"featured_media":3384,"comment_status":"open","ping_status":"open","sticky":false,"template":"","format":"standard","meta":{"_acf_changed":false,"neve_meta_sidebar":"","neve_meta_container":"","neve_meta_enable_content_width":"off","neve_meta_content_width":70,"neve_meta_title_alignment":"","neve_meta_author_avatar":"","neve_post_elements_order":"[\"title\",\"meta\",\"content\",\"tags\",\"comments\"]","neve_meta_disable_header":"","neve_meta_disable_footer":"","neve_meta_disable_title":"on","neve_meta_reading_time":"","footnotes":""},"categories":[1],"tags":[],"class_list":["post-3382","post","type-post","status-publish","format-standard","has-post-thumbnail","hentry","category-uncategorized"],"acf":[],"yoast_head":"<!-- This site is optimized with the Yoast SEO Premium plugin v20.1 (Yoast SEO v23.8) - https:\/\/yoast.com\/wordpress\/plugins\/seo\/ -->\n<title>Cuatro razones para visitar M\u00e9rida en Mayo<\/title>\n<meta name=\"description\" content=\"M\u00e9rida en Mayo. Siempre es un buen momento para visitar un sitio tan \u00fanico y cargado de historia como M\u00e9rida, pero mayo es un mes en...\" \/>\n<meta name=\"robots\" content=\"index, follow, max-snippet:-1, max-image-preview:large, max-video-preview:-1\" \/>\n<link rel=\"canonical\" href=\"https:\/\/udestinations.es\/pt\/cuatro-razones-para-visitar-merida-en-mayo\/\" \/>\n<meta property=\"og:locale\" content=\"pt_PT\" \/>\n<meta property=\"og:type\" content=\"article\" \/>\n<meta property=\"og:title\" content=\"Cuatro razones para visitar M\u00e9rida en Mayo\" \/>\n<meta property=\"og:description\" content=\"M\u00e9rida en Mayo. Siempre es un buen momento para visitar un sitio tan \u00fanico y cargado de historia como M\u00e9rida, pero mayo es un mes en...\" \/>\n<meta property=\"og:url\" content=\"https:\/\/udestinations.es\/pt\/cuatro-razones-para-visitar-merida-en-mayo\/\" \/>\n<meta property=\"og:site_name\" content=\"uDestinations\" \/>\n<meta property=\"article:publisher\" content=\"https:\/\/www.facebook.com\/UDestinations.experiences\/\" \/>\n<meta property=\"article:published_time\" content=\"2023-04-21T11:10:30+00:00\" \/>\n<meta property=\"article:modified_time\" content=\"2023-04-21T16:15:09+00:00\" \/>\n<meta property=\"og:image\" content=\"https:\/\/udestinations.es\/wp-content\/uploads\/2023\/02\/59ba77_8b4c9b0dac7d4082884ebe7eb638bd1d_mv2.webp\" \/>\n\t<meta property=\"og:image:width\" content=\"740\" \/>\n\t<meta property=\"og:image:height\" content=\"555\" \/>\n\t<meta property=\"og:image:type\" content=\"image\/webp\" \/>\n<meta name=\"author\" content=\"admin\" \/>\n<meta name=\"twitter:card\" content=\"summary_large_image\" \/>\n<meta name=\"twitter:creator\" content=\"@udestinations_\" \/>\n<meta name=\"twitter:site\" content=\"@udestinations_\" \/>\n<meta name=\"twitter:label1\" content=\"Escrito por\" \/>\n\t<meta name=\"twitter:data1\" content=\"admin\" \/>\n\t<meta name=\"twitter:label2\" content=\"Tempo estimado de leitura\" \/>\n\t<meta name=\"twitter:data2\" content=\"3 minutos\" \/>\n<script type=\"application\/ld+json\" class=\"yoast-schema-graph\">{\"@context\":\"https:\/\/schema.org\",\"@graph\":[{\"@type\":\"WebPage\",\"@id\":\"https:\/\/udestinations.es\/cuatro-razones-para-visitar-merida-en-mayo\/\",\"url\":\"https:\/\/udestinations.es\/cuatro-razones-para-visitar-merida-en-mayo\/\",\"name\":\"Cuatro razones para visitar M\u00e9rida en Mayo\",\"isPartOf\":{\"@id\":\"https:\/\/udestinations.es\/de\/#website\"},\"primaryImageOfPage\":{\"@id\":\"https:\/\/udestinations.es\/cuatro-razones-para-visitar-merida-en-mayo\/#primaryimage\"},\"image\":{\"@id\":\"https:\/\/udestinations.es\/cuatro-razones-para-visitar-merida-en-mayo\/#primaryimage\"},\"thumbnailUrl\":\"https:\/\/udestinations.es\/wp-content\/uploads\/2023\/02\/59ba77_8b4c9b0dac7d4082884ebe7eb638bd1d_mv2.webp\",\"datePublished\":\"2023-04-21T11:10:30+00:00\",\"dateModified\":\"2023-04-21T16:15:09+00:00\",\"author\":{\"@id\":\"https:\/\/udestinations.es\/de\/#\/schema\/person\/8088e79ef2079e84ea76794d4334ee71\"},\"description\":\"M\u00e9rida en Mayo. Siempre es un buen momento para visitar un sitio tan \u00fanico y cargado de historia como M\u00e9rida, pero mayo es un mes en...\",\"inLanguage\":\"pt-PT\",\"potentialAction\":[{\"@type\":\"ReadAction\",\"target\":[\"https:\/\/udestinations.es\/cuatro-razones-para-visitar-merida-en-mayo\/\"]}]},{\"@type\":\"ImageObject\",\"inLanguage\":\"pt-PT\",\"@id\":\"https:\/\/udestinations.es\/cuatro-razones-para-visitar-merida-en-mayo\/#primaryimage\",\"url\":\"https:\/\/udestinations.es\/wp-content\/uploads\/2023\/02\/59ba77_8b4c9b0dac7d4082884ebe7eb638bd1d_mv2.webp\",\"contentUrl\":\"https:\/\/udestinations.es\/wp-content\/uploads\/2023\/02\/59ba77_8b4c9b0dac7d4082884ebe7eb638bd1d_mv2.webp\",\"width\":740,\"height\":555},{\"@type\":\"WebSite\",\"@id\":\"https:\/\/udestinations.es\/de\/#website\",\"url\":\"https:\/\/udestinations.es\/de\/\",\"name\":\"uDestinations\",\"description\":\"\",\"potentialAction\":[{\"@type\":\"SearchAction\",\"target\":{\"@type\":\"EntryPoint\",\"urlTemplate\":\"https:\/\/udestinations.es\/de\/?s={search_term_string}\"},\"query-input\":{\"@type\":\"PropertyValueSpecification\",\"valueRequired\":true,\"valueName\":\"search_term_string\"}}],\"inLanguage\":\"pt-PT\"},{\"@type\":\"Person\",\"@id\":\"https:\/\/udestinations.es\/de\/#\/schema\/person\/8088e79ef2079e84ea76794d4334ee71\",\"name\":\"admin\",\"image\":{\"@type\":\"ImageObject\",\"inLanguage\":\"pt-PT\",\"@id\":\"https:\/\/udestinations.es\/de\/#\/schema\/person\/image\/\",\"url\":\"https:\/\/secure.gravatar.com\/avatar\/ff63818b95f758f630162236e11d96b8?s=96&d=mm&r=g\",\"contentUrl\":\"https:\/\/secure.gravatar.com\/avatar\/ff63818b95f758f630162236e11d96b8?s=96&d=mm&r=g\",\"caption\":\"admin\"}}]}<\/script>\n<!-- \/ Yoast SEO Premium plugin. -->","yoast_head_json":{"title":"Cuatro razones para visitar M\u00e9rida en Mayo","description":"M\u00e9rida en Mayo. Siempre es un buen momento para visitar un sitio tan \u00fanico y cargado de historia como M\u00e9rida, pero mayo es un mes en...","robots":{"index":"index","follow":"follow","max-snippet":"max-snippet:-1","max-image-preview":"max-image-preview:large","max-video-preview":"max-video-preview:-1"},"canonical":"https:\/\/udestinations.es\/pt\/cuatro-razones-para-visitar-merida-en-mayo\/","og_locale":"pt_PT","og_type":"article","og_title":"Cuatro razones para visitar M\u00e9rida en Mayo","og_description":"M\u00e9rida en Mayo. Siempre es un buen momento para visitar un sitio tan \u00fanico y cargado de historia como M\u00e9rida, pero mayo es un mes en...","og_url":"https:\/\/udestinations.es\/pt\/cuatro-razones-para-visitar-merida-en-mayo\/","og_site_name":"uDestinations","article_publisher":"https:\/\/www.facebook.com\/UDestinations.experiences\/","article_published_time":"2023-04-21T11:10:30+00:00","article_modified_time":"2023-04-21T16:15:09+00:00","og_image":[{"width":740,"height":555,"url":"https:\/\/udestinations.es\/wp-content\/uploads\/2023\/02\/59ba77_8b4c9b0dac7d4082884ebe7eb638bd1d_mv2.webp","type":"image\/webp"}],"author":"admin","twitter_card":"summary_large_image","twitter_creator":"@udestinations_","twitter_site":"@udestinations_","twitter_misc":{"Escrito por":"admin","Tempo estimado de leitura":"3 minutos"},"schema":{"@context":"https:\/\/schema.org","@graph":[{"@type":"WebPage","@id":"https:\/\/udestinations.es\/cuatro-razones-para-visitar-merida-en-mayo\/","url":"https:\/\/udestinations.es\/cuatro-razones-para-visitar-merida-en-mayo\/","name":"Cuatro razones para visitar M\u00e9rida en Mayo","isPartOf":{"@id":"https:\/\/udestinations.es\/de\/#website"},"primaryImageOfPage":{"@id":"https:\/\/udestinations.es\/cuatro-razones-para-visitar-merida-en-mayo\/#primaryimage"},"image":{"@id":"https:\/\/udestinations.es\/cuatro-razones-para-visitar-merida-en-mayo\/#primaryimage"},"thumbnailUrl":"https:\/\/udestinations.es\/wp-content\/uploads\/2023\/02\/59ba77_8b4c9b0dac7d4082884ebe7eb638bd1d_mv2.webp","datePublished":"2023-04-21T11:10:30+00:00","dateModified":"2023-04-21T16:15:09+00:00","author":{"@id":"https:\/\/udestinations.es\/de\/#\/schema\/person\/8088e79ef2079e84ea76794d4334ee71"},"description":"M\u00e9rida en Mayo. Siempre es un buen momento para visitar un sitio tan \u00fanico y cargado de historia como M\u00e9rida, pero mayo es un mes en...","inLanguage":"pt-PT","potentialAction":[{"@type":"ReadAction","target":["https:\/\/udestinations.es\/cuatro-razones-para-visitar-merida-en-mayo\/"]}]},{"@type":"ImageObject","inLanguage":"pt-PT","@id":"https:\/\/udestinations.es\/cuatro-razones-para-visitar-merida-en-mayo\/#primaryimage","url":"https:\/\/udestinations.es\/wp-content\/uploads\/2023\/02\/59ba77_8b4c9b0dac7d4082884ebe7eb638bd1d_mv2.webp","contentUrl":"https:\/\/udestinations.es\/wp-content\/uploads\/2023\/02\/59ba77_8b4c9b0dac7d4082884ebe7eb638bd1d_mv2.webp","width":740,"height":555},{"@type":"WebSite","@id":"https:\/\/udestinations.es\/de\/#website","url":"https:\/\/udestinations.es\/de\/","name":"uDestinations","description":"","potentialAction":[{"@type":"SearchAction","target":{"@type":"EntryPoint","urlTemplate":"https:\/\/udestinations.es\/de\/?s={search_term_string}"},"query-input":{"@type":"PropertyValueSpecification","valueRequired":true,"valueName":"search_term_string"}}],"inLanguage":"pt-PT"},{"@type":"Person","@id":"https:\/\/udestinations.es\/de\/#\/schema\/person\/8088e79ef2079e84ea76794d4334ee71","name":"admin","image":{"@type":"ImageObject","inLanguage":"pt-PT","@id":"https:\/\/udestinations.es\/de\/#\/schema\/person\/image\/","url":"https:\/\/secure.gravatar.com\/avatar\/ff63818b95f758f630162236e11d96b8?s=96&d=mm&r=g","contentUrl":"https:\/\/secure.gravatar.com\/avatar\/ff63818b95f758f630162236e11d96b8?s=96&d=mm&r=g","caption":"admin"}}]}},"_links":{"self":[{"href":"https:\/\/udestinations.es\/pt\/wp-json\/wp\/v2\/posts\/3382","targetHints":{"allow":["GET"]}}],"collection":[{"href":"https:\/\/udestinations.es\/pt\/wp-json\/wp\/v2\/posts"}],"about":[{"href":"https:\/\/udestinations.es\/pt\/wp-json\/wp\/v2\/types\/post"}],"author":[{"embeddable":true,"href":"https:\/\/udestinations.es\/pt\/wp-json\/wp\/v2\/users\/1"}],"replies":[{"embeddable":true,"href":"https:\/\/udestinations.es\/pt\/wp-json\/wp\/v2\/comments?post=3382"}],"version-history":[{"count":26,"href":"https:\/\/udestinations.es\/pt\/wp-json\/wp\/v2\/posts\/3382\/revisions"}],"predecessor-version":[{"id":8498,"href":"https:\/\/udestinations.es\/pt\/wp-json\/wp\/v2\/posts\/3382\/revisions\/8498"}],"wp:featuredmedia":[{"embeddable":true,"href":"https:\/\/udestinations.es\/pt\/wp-json\/wp\/v2\/media\/3384"}],"wp:attachment":[{"href":"https:\/\/udestinations.es\/pt\/wp-json\/wp\/v2\/media?parent=3382"}],"wp:term":[{"taxonomy":"category","embeddable":true,"href":"https:\/\/udestinations.es\/pt\/wp-json\/wp\/v2\/categories?post=3382"},{"taxonomy":"post_tag","embeddable":true,"href":"https:\/\/udestinations.es\/pt\/wp-json\/wp\/v2\/tags?post=3382"}],"curies":[{"name":"wp","href":"https:\/\/api.w.org\/{rel}","templated":true}]}}