{"id":1142,"date":"2023-09-01T12:44:27","date_gmt":"2023-09-01T12:44:27","guid":{"rendered":"http:\/\/test.udestinations.es\/?p=1142"},"modified":"2023-04-21T10:28:33","modified_gmt":"2023-04-21T10:28:33","slug":"la-virgen-de-guadalupe-y-el-dia-de-la-hispanidad","status":"publish","type":"post","link":"https:\/\/udestinations.es\/pt\/la-virgen-de-guadalupe-y-el-dia-de-la-hispanidad\/","title":{"rendered":"A Virgem de Guadalupe e o Dia de Colombo"},"content":{"rendered":"<div data-elementor-type=\"wp-post\" data-elementor-id=\"1142\" class=\"elementor elementor-1142\" data-elementor-post-type=\"post\">\n\t\t\t\t\t\t<section data-particle_enable=\"false\" data-particle-mobile-disabled=\"false\" class=\"elementor-section elementor-top-section elementor-element elementor-element-ff73612 elementor-section-boxed elementor-section-height-default elementor-section-height-default\" data-id=\"ff73612\" data-element_type=\"section\" data-settings=\"{&quot;background_background&quot;:&quot;classic&quot;}\">\n\t\t\t\t\t\t<div class=\"elementor-container elementor-column-gap-default\">\n\t\t\t\t\t<div class=\"elementor-column elementor-col-100 elementor-top-column elementor-element elementor-element-45b9df7\" data-id=\"45b9df7\" data-element_type=\"column\">\n\t\t\t<div class=\"elementor-widget-wrap elementor-element-populated\">\n\t\t\t\t\t\t<div class=\"elementor-element elementor-element-834feb4 elementor-widget elementor-widget-heading\" data-id=\"834feb4\" data-element_type=\"widget\" data-widget_type=\"heading.default\">\n\t\t\t\t<div class=\"elementor-widget-container\">\n\t\t\t<style>\/*! elementor - v3.23.0 - 05-08-2024 *\/\n.elementor-heading-title{padding:0;margin:0;line-height:1}.elementor-widget-heading .elementor-heading-title[class*=elementor-size-]>a{color:inherit;font-size:inherit;line-height:inherit}.elementor-widget-heading .elementor-heading-title.elementor-size-small{font-size:15px}.elementor-widget-heading .elementor-heading-title.elementor-size-medium{font-size:19px}.elementor-widget-heading .elementor-heading-title.elementor-size-large{font-size:29px}.elementor-widget-heading .elementor-heading-title.elementor-size-xl{font-size:39px}.elementor-widget-heading .elementor-heading-title.elementor-size-xxl{font-size:59px}<\/style><h2 class=\"elementor-heading-title elementor-size-default\">A Virgem de Guadalupe e o Dia de Colombo<\/h2>\t\t<\/div>\n\t\t\t\t<\/div>\n\t\t\t\t<div class=\"elementor-element elementor-element-b24f05b elementor-widget elementor-widget-text-editor\" data-id=\"b24f05b\" data-element_type=\"widget\" data-widget_type=\"text-editor.default\">\n\t\t\t\t<div class=\"elementor-widget-container\">\n\t\t\t<style>\/*! elementor - v3.23.0 - 05-08-2024 *\/\n.elementor-widget-text-editor.elementor-drop-cap-view-stacked .elementor-drop-cap{background-color:#69727d;color:#fff}.elementor-widget-text-editor.elementor-drop-cap-view-framed .elementor-drop-cap{color:#69727d;border:3px solid;background-color:transparent}.elementor-widget-text-editor:not(.elementor-drop-cap-view-default) .elementor-drop-cap{margin-top:8px}.elementor-widget-text-editor:not(.elementor-drop-cap-view-default) .elementor-drop-cap-letter{width:1em;height:1em}.elementor-widget-text-editor .elementor-drop-cap{float:left;text-align:center;line-height:1;font-size:50px}.elementor-widget-text-editor .elementor-drop-cap-letter{display:inline-block}<\/style>\t\t\t\t<p>Um dos s\u00edmbolos mais reconhecidos da f\u00e9 extremenha \u00e9 a Virgem de Guadalupe, padroeira da Extremadura, cuja imagem \u00e9 conservada no Real Mosteiro de Santa Maria de Guadalupe, situado na prov\u00edncia de C\u00e1ceres. O Mosteiro de Guadalupe, constru\u00eddo no s\u00e9culo XIV e declarado Patrim\u00f3nio da Humanidade, possui elementos mud\u00e9jares, g\u00f3ticos, renascentistas e barrocos e conserva, no seu interior, obras de grande valor, oficinas hist\u00f3ricas de bordados, ourivesaria e miniaturas, uma biblioteca com uma extensa cole\u00e7\u00e3o de documentos, e funciona como centro de peregrina\u00e7\u00e3o e hospedaria.<\/p>\t\t\t\t\t\t<\/div>\n\t\t\t\t<\/div>\n\t\t\t\t<div class=\"elementor-element elementor-element-369fd25 elementor-widget elementor-widget-image\" data-id=\"369fd25\" data-element_type=\"widget\" data-widget_type=\"image.default\">\n\t\t\t\t<div class=\"elementor-widget-container\">\n\t\t\t<style>\/*! elementor - v3.23.0 - 05-08-2024 *\/\n.elementor-widget-image{text-align:center}.elementor-widget-image a{display:inline-block}.elementor-widget-image a img[src$=\".svg\"]{width:48px}.elementor-widget-image img{vertical-align:middle;display:inline-block}<\/style>\t\t\t\t\t\t\t\t\t\t<img fetchpriority=\"high\" decoding=\"async\" width=\"1024\" height=\"768\" src=\"https:\/\/udestinations.es\/wp-content\/uploads\/2023\/01\/guadalupe_eqw4sz-1024x768.webp\" class=\"attachment-large size-large wp-image-1144\" alt=\"\" srcset=\"https:\/\/udestinations.es\/wp-content\/uploads\/2023\/01\/guadalupe_eqw4sz-1024x768.webp 1024w, https:\/\/udestinations.es\/wp-content\/uploads\/2023\/01\/guadalupe_eqw4sz-300x225.webp 300w, https:\/\/udestinations.es\/wp-content\/uploads\/2023\/01\/guadalupe_eqw4sz-768x576.webp 768w, https:\/\/udestinations.es\/wp-content\/uploads\/2023\/01\/guadalupe_eqw4sz-1536x1152.webp 1536w, https:\/\/udestinations.es\/wp-content\/uploads\/2023\/01\/guadalupe_eqw4sz-2048x1536.webp 2048w, https:\/\/udestinations.es\/wp-content\/uploads\/2023\/01\/guadalupe_eqw4sz-600x450.webp 600w\" sizes=\"(max-width: 1024px) 100vw, 1024px\" \/>\t\t\t\t\t\t\t\t\t\t\t\t\t<\/div>\n\t\t\t\t<\/div>\n\t\t\t\t<div class=\"elementor-element elementor-element-5a5789f elementor-widget elementor-widget-text-editor\" data-id=\"5a5789f\" data-element_type=\"widget\" data-widget_type=\"text-editor.default\">\n\t\t\t\t<div class=\"elementor-widget-container\">\n\t\t\t\t\t\t\t<p>A Virgem de Guadalupe n\u00e3o s\u00f3 \u00e9 a padroeira da Extremadura, como tamb\u00e9m ostenta o t\u00edtulo de Rainha da Hispanidade desde 12 de outubro de 1928. Este facto deve-se ao papel fundamental desempenhado pela\u00a0<a href=\"https:\/\/monasterioguadalupe.com\/monasterio\/viajeros-ilustres\/\" target=\"_blank\" rel=\"noreferrer noopener\">Mosteiro de Guadalupe<\/a>\u00a0em C\u00e1ceres, local onde foi concebida a expedi\u00e7\u00e3o de Colombo, na liga\u00e7\u00e3o com a Am\u00e9rica. Os Reis Cat\u00f3licos reuniram-se com Crist\u00f3v\u00e3o Colombo no mosteiro para lhe darem as primeiras instru\u00e7\u00f5es e discutirem os fundos necess\u00e1rios para a viagem. Depois da sua primeira expedi\u00e7\u00e3o, o navegador regressava a este mosteiro de C\u00e1ceres para agradecer a intercess\u00e3o da padroeira.<\/p>\t\t\t\t\t\t<\/div>\n\t\t\t\t<\/div>\n\t\t\t\t<div class=\"elementor-element elementor-element-465a3a8 elementor-widget elementor-widget-image\" data-id=\"465a3a8\" data-element_type=\"widget\" data-widget_type=\"image.default\">\n\t\t\t\t<div class=\"elementor-widget-container\">\n\t\t\t\t\t\t\t\t\t\t\t\t\t<img decoding=\"async\" width=\"1024\" height=\"768\" src=\"https:\/\/udestinations.es\/wp-content\/uploads\/2023\/01\/gudalupe-interior_nqah9l-1024x768.webp\" class=\"attachment-large size-large wp-image-1145\" alt=\"\" srcset=\"https:\/\/udestinations.es\/wp-content\/uploads\/2023\/01\/gudalupe-interior_nqah9l-1024x768.webp 1024w, https:\/\/udestinations.es\/wp-content\/uploads\/2023\/01\/gudalupe-interior_nqah9l-300x225.webp 300w, https:\/\/udestinations.es\/wp-content\/uploads\/2023\/01\/gudalupe-interior_nqah9l-768x576.webp 768w, https:\/\/udestinations.es\/wp-content\/uploads\/2023\/01\/gudalupe-interior_nqah9l-1536x1152.webp 1536w, https:\/\/udestinations.es\/wp-content\/uploads\/2023\/01\/gudalupe-interior_nqah9l-600x450.webp 600w, https:\/\/udestinations.es\/wp-content\/uploads\/2023\/01\/gudalupe-interior_nqah9l.webp 1968w\" sizes=\"(max-width: 1024px) 100vw, 1024px\" \/>\t\t\t\t\t\t\t\t\t\t\t\t\t<\/div>\n\t\t\t\t<\/div>\n\t\t\t\t<div class=\"elementor-element elementor-element-abf82a8 elementor-widget elementor-widget-text-editor\" data-id=\"abf82a8\" data-element_type=\"widget\" data-widget_type=\"text-editor.default\">\n\t\t\t\t<div class=\"elementor-widget-container\">\n\t\t\t\t\t\t\t<p class=\"kt-adv-heading_b31bd0-36 ticss-c4b31bd0 wp-block-kadence-advancedheading\" data-kb-block=\"kb-adv-heading_b31bd0-36\">Ao chegar \u00e0 Am\u00e9rica, Colombo baptizou uma das ilhas que encontrou com o nome de Santa Mar\u00eda de Guadalupe de Extremadura (atualmente um departamento ultramarino franc\u00eas situado nas Antilhas). A partir do s\u00e9culo XVI, a devo\u00e7\u00e3o \u00e0 Virgem de Guadalupe difundiu-se por toda a Am\u00e9rica Latina; diz-se que em 1531 apareceu a um nativo do M\u00e9xico e que o culto se difundiu gradualmente por todo o pa\u00eds, bem como nas Filipinas.<\/p><p class=\"kt-adv-heading_613fcf-bf ticss-fc613fcf wp-block-kadence-advancedheading\" data-kb-block=\"kb-adv-heading_613fcf-bf\">Embora a Virgem de Guadalupe mexicana seja mundialmente conhecida e partilhe o mesmo nome, as imagens n\u00e3o s\u00e3o as mesmas. Enquanto em Espanha, a Virgem de Guadalupe \u00e9 uma virgem morena, sentada e acompanhada pelo Menino, no M\u00e9xico \u00e9 representada como uma figura mesti\u00e7a, vestida com uma t\u00fanica cor-de-rosa e um manto azul, o que tem semelhan\u00e7as com as representa\u00e7\u00f5es da Imaculada Concei\u00e7\u00e3o.<\/p>\t\t\t\t\t\t<\/div>\n\t\t\t\t<\/div>\n\t\t\t\t<div class=\"elementor-element elementor-element-ea364fb elementor-widget elementor-widget-image\" data-id=\"ea364fb\" data-element_type=\"widget\" data-widget_type=\"image.default\">\n\t\t\t\t<div class=\"elementor-widget-container\">\n\t\t\t\t\t\t\t\t\t\t<figure class=\"wp-caption\">\n\t\t\t\t\t\t\t\t\t\t\t<a href=\"https:\/\/extremaduramisteriosa.com\/\">\n\t\t\t\t\t\t\t<img decoding=\"async\" width=\"1024\" height=\"720\" src=\"https:\/\/udestinations.es\/wp-content\/uploads\/2023\/01\/virgen-gudalupe_fy6hqx-1024x720.jpg\" class=\"attachment-large size-large wp-image-1146\" alt=\"\" srcset=\"https:\/\/udestinations.es\/wp-content\/uploads\/2023\/01\/virgen-gudalupe_fy6hqx-1024x720.jpg 1024w, https:\/\/udestinations.es\/wp-content\/uploads\/2023\/01\/virgen-gudalupe_fy6hqx-300x211.jpg 300w, https:\/\/udestinations.es\/wp-content\/uploads\/2023\/01\/virgen-gudalupe_fy6hqx-768x540.jpg 768w, https:\/\/udestinations.es\/wp-content\/uploads\/2023\/01\/virgen-gudalupe_fy6hqx-600x422.jpg 600w, https:\/\/udestinations.es\/wp-content\/uploads\/2023\/01\/virgen-gudalupe_fy6hqx.jpg 1502w\" sizes=\"(max-width: 1024px) 100vw, 1024px\" \/>\t\t\t\t\t\t\t\t<\/a>\n\t\t\t\t\t\t\t\t\t\t\t<figcaption class=\"widget-image-caption wp-caption-text\">Fonte: extremaduramisteriosa.com<\/figcaption>\n\t\t\t\t\t\t\t\t\t\t<\/figure>\n\t\t\t\t\t\t\t<\/div>\n\t\t\t\t<\/div>\n\t\t\t\t<div class=\"elementor-element elementor-element-4685fe0 elementor-widget elementor-widget-text-editor\" data-id=\"4685fe0\" data-element_type=\"widget\" data-widget_type=\"text-editor.default\">\n\t\t\t\t<div class=\"elementor-widget-container\">\n\t\t\t\t\t\t\t<p class=\"kt-adv-heading_057ecc-f6 ticss-e71840be wp-block-kadence-advancedheading\" data-kb-block=\"kb-adv-heading_057ecc-f6\">A import\u00e2ncia de\u00a0<a href=\"https:\/\/www.turismoextremadura.com\/es\/explora\/Guadalupe\" target=\"_blank\" rel=\"noreferrer noopener\">Real Mosteiro de Santa Maria de Guadalupe<\/a>\u00a0\u00e9 tal que, todos os anos, milhares de peregrinos se re\u00fanem em duas datas importantes para mostrar o seu fervor: 8 de setembro, Dia da Extremadura, e 12 de outubro, Dia de Colombo e feriado em Espanha.<\/p><p class=\"kt-adv-heading_ff49cb-7c ticss-ceff49cb wp-block-kadence-advancedheading\" data-kb-block=\"kb-adv-heading_ff49cb-7c\">Para al\u00e9m da relev\u00e2ncia do seu mosteiro e a quem esta pequena cidade encantadora deve o seu nome, a aldeia de Guadalupe \u00e9 considerada uma das mais belas de Espanha e ganhou v\u00e1rios concursos, como o de\u00a0<a href=\"https:\/\/elpais.com\/politica\/2017\/12\/18\/diario_de_espana\/1513592048_143114.html\" target=\"_blank\" rel=\"noreferrer noopener\">\"Fa\u00e7a brilhar a sua aldeia\".<\/a>. A edi\u00e7\u00e3o de 2017 do concurso Ferrero Rocher, no qual foi premiada uma impressionante instala\u00e7\u00e3o de ilumina\u00e7\u00e3o de Natal. \u00c9 tamb\u00e9m um enclave ideal para trilhos naturais na Serra de Guadalupe e nas Villuercas, \u00e1reas naturais excepcionais com Zonas de Prote\u00e7\u00e3o Especial para Aves e uma grande biodiversidade.<\/p><p class=\"kt-adv-heading_727bce-a6 ticss-88727bce wp-block-kadence-advancedheading\" data-kb-block=\"kb-adv-heading_727bce-a6\">Gostaria de participar nestas peregrina\u00e7\u00f5es, visitar o Mosteiro e descobrir todos os segredos de uma das mais belas aldeias de Espanha? N\u00f3s encarregamo-nos de organizar toda a sua viagem, desde o alojamento at\u00e9 \u00e0s visitas guiadas, para que possa aproveitar ao m\u00e1ximo a sua experi\u00eancia sem ter de se preocupar com nenhuma destas formalidades.<\/p><p class=\"kt-adv-heading_8f0d8b-cc wp-block-kadence-advancedheading\" data-kb-block=\"kb-adv-heading_8f0d8b-cc\">Contacte-nos aqui para saber todos os pormenores.<\/p>\t\t\t\t\t\t<\/div>\n\t\t\t\t<\/div>\n\t\t\t\t<div class=\"elementor-element elementor-element-957fea4 elementor-align-center elementor-widget elementor-widget-button\" data-id=\"957fea4\" data-element_type=\"widget\" data-widget_type=\"button.default\">\n\t\t\t\t<div class=\"elementor-widget-container\">\n\t\t\t\t\t<div class=\"elementor-button-wrapper\">\n\t\t\t<a class=\"elementor-button elementor-button-link elementor-size-sm\" href=\"https:\/\/udestinations.es\/pt\/contacto\/\" target=\"_blank\">\n\t\t\t\t\t\t<span class=\"elementor-button-content-wrapper\">\n\t\t\t\t\t\t\t\t\t<span class=\"elementor-button-text\">Contacte-nos em<\/span>\n\t\t\t\t\t<\/span>\n\t\t\t\t\t<\/a>\n\t\t<\/div>\n\t\t\t\t<\/div>\n\t\t\t\t<\/div>\n\t\t\t\t\t<\/div>\n\t\t<\/div>\n\t\t\t\t\t<\/div>\n\t\t<\/section>\n\t\t\t\t<\/div>","protected":false},"excerpt":{"rendered":"<p>A Virgem de Guadalupe e o Dia de Colombo Um dos s\u00edmbolos mais conhecidos da f\u00e9 estremenha \u00e9 a Virgem de Guadalupe, padroeira da Extremadura, cuja imagem \u00e9 conservada no Real Mosteiro de Santa Maria de Guadalupe, situado na prov\u00edncia de C\u00e1ceres. O Mosteiro de Guadalupe, constru\u00eddo no s\u00e9culo XX, \u00e9 uma...&nbsp;<a href=\"https:\/\/udestinations.es\/pt\/la-virgen-de-guadalupe-y-el-dia-de-la-hispanidad\/\" rel=\"bookmark\">Ler mais \"<span class=\"screen-reader-text\">A Virgem de Guadalupe e o Dia de Colombo<\/span><\/a><\/p>","protected":false},"author":1,"featured_media":2072,"comment_status":"open","ping_status":"open","sticky":false,"template":"","format":"standard","meta":{"_acf_changed":false,"neve_meta_sidebar":"","neve_meta_container":"","neve_meta_enable_content_width":"off","neve_meta_content_width":70,"neve_meta_title_alignment":"","neve_meta_author_avatar":"","neve_post_elements_order":"[\"content\",\"tags\",\"comments\"]","neve_meta_disable_header":"","neve_meta_disable_footer":"","neve_meta_disable_title":"","neve_meta_reading_time":"","footnotes":""},"categories":[1],"tags":[],"class_list":["post-1142","post","type-post","status-publish","format-standard","has-post-thumbnail","hentry","category-uncategorized"],"acf":[],"yoast_head":"<!-- This site is optimized with the Yoast SEO Premium plugin v20.1 (Yoast SEO v23.8) - https:\/\/yoast.com\/wordpress\/plugins\/seo\/ -->\n<title>La Virgen de Guadalupe y el D\u00eda de la Hispanidad<\/title>\n<meta name=\"description\" content=\"La Virgen de Guadalupe . Patrona de Extremadura, cuya imagen se guarda en el Real Monasterio de Santa Mar\u00eda de Guadalupe\" \/>\n<meta name=\"robots\" content=\"index, follow, max-snippet:-1, max-image-preview:large, max-video-preview:-1\" \/>\n<link rel=\"canonical\" href=\"https:\/\/udestinations.es\/pt\/la-virgen-de-guadalupe-y-el-dia-de-la-hispanidad\/\" \/>\n<meta property=\"og:locale\" content=\"pt_PT\" \/>\n<meta property=\"og:type\" content=\"article\" \/>\n<meta property=\"og:title\" content=\"La Virgen de Guadalupe y el D\u00eda de la Hispanidad\" \/>\n<meta property=\"og:description\" content=\"La Virgen de Guadalupe . Patrona de Extremadura, cuya imagen se guarda en el Real Monasterio de Santa Mar\u00eda de Guadalupe\" \/>\n<meta property=\"og:url\" content=\"https:\/\/udestinations.es\/pt\/la-virgen-de-guadalupe-y-el-dia-de-la-hispanidad\/\" \/>\n<meta property=\"og:site_name\" content=\"uDestinations\" \/>\n<meta property=\"article:publisher\" content=\"https:\/\/www.facebook.com\/UDestinations.experiences\/\" \/>\n<meta property=\"article:published_time\" content=\"2023-09-01T12:44:27+00:00\" \/>\n<meta property=\"article:modified_time\" content=\"2023-04-21T10:28:33+00:00\" \/>\n<meta property=\"og:image\" content=\"https:\/\/udestinations.es\/wp-content\/uploads\/2023\/01\/guadalupe-1536x1152-1.webp\" \/>\n\t<meta property=\"og:image:width\" content=\"1536\" \/>\n\t<meta property=\"og:image:height\" content=\"1152\" \/>\n\t<meta property=\"og:image:type\" content=\"image\/webp\" \/>\n<meta name=\"author\" content=\"admin\" \/>\n<meta name=\"twitter:card\" content=\"summary_large_image\" \/>\n<meta name=\"twitter:creator\" content=\"@udestinations_\" \/>\n<meta name=\"twitter:site\" content=\"@udestinations_\" \/>\n<meta name=\"twitter:label1\" content=\"Escrito por\" \/>\n\t<meta name=\"twitter:data1\" content=\"admin\" \/>\n\t<meta name=\"twitter:label2\" content=\"Tempo estimado de leitura\" \/>\n\t<meta name=\"twitter:data2\" content=\"3 minutos\" \/>\n<script type=\"application\/ld+json\" class=\"yoast-schema-graph\">{\"@context\":\"https:\/\/schema.org\",\"@graph\":[{\"@type\":\"WebPage\",\"@id\":\"https:\/\/udestinations.es\/la-virgen-de-guadalupe-y-el-dia-de-la-hispanidad\/\",\"url\":\"https:\/\/udestinations.es\/la-virgen-de-guadalupe-y-el-dia-de-la-hispanidad\/\",\"name\":\"La Virgen de Guadalupe y el D\u00eda de la Hispanidad\",\"isPartOf\":{\"@id\":\"https:\/\/udestinations.es\/de\/#website\"},\"primaryImageOfPage\":{\"@id\":\"https:\/\/udestinations.es\/la-virgen-de-guadalupe-y-el-dia-de-la-hispanidad\/#primaryimage\"},\"image\":{\"@id\":\"https:\/\/udestinations.es\/la-virgen-de-guadalupe-y-el-dia-de-la-hispanidad\/#primaryimage\"},\"thumbnailUrl\":\"https:\/\/udestinations.es\/wp-content\/uploads\/2023\/01\/guadalupe-1536x1152-1.webp\",\"datePublished\":\"2023-09-01T12:44:27+00:00\",\"dateModified\":\"2023-04-21T10:28:33+00:00\",\"author\":{\"@id\":\"https:\/\/udestinations.es\/de\/#\/schema\/person\/8088e79ef2079e84ea76794d4334ee71\"},\"description\":\"La Virgen de Guadalupe . Patrona de Extremadura, cuya imagen se guarda en el Real Monasterio de Santa Mar\u00eda de Guadalupe\",\"inLanguage\":\"pt-PT\",\"potentialAction\":[{\"@type\":\"ReadAction\",\"target\":[\"https:\/\/udestinations.es\/la-virgen-de-guadalupe-y-el-dia-de-la-hispanidad\/\"]}]},{\"@type\":\"ImageObject\",\"inLanguage\":\"pt-PT\",\"@id\":\"https:\/\/udestinations.es\/la-virgen-de-guadalupe-y-el-dia-de-la-hispanidad\/#primaryimage\",\"url\":\"https:\/\/udestinations.es\/wp-content\/uploads\/2023\/01\/guadalupe-1536x1152-1.webp\",\"contentUrl\":\"https:\/\/udestinations.es\/wp-content\/uploads\/2023\/01\/guadalupe-1536x1152-1.webp\",\"width\":1536,\"height\":1152},{\"@type\":\"WebSite\",\"@id\":\"https:\/\/udestinations.es\/de\/#website\",\"url\":\"https:\/\/udestinations.es\/de\/\",\"name\":\"uDestinations\",\"description\":\"\",\"potentialAction\":[{\"@type\":\"SearchAction\",\"target\":{\"@type\":\"EntryPoint\",\"urlTemplate\":\"https:\/\/udestinations.es\/de\/?s={search_term_string}\"},\"query-input\":{\"@type\":\"PropertyValueSpecification\",\"valueRequired\":true,\"valueName\":\"search_term_string\"}}],\"inLanguage\":\"pt-PT\"},{\"@type\":\"Person\",\"@id\":\"https:\/\/udestinations.es\/de\/#\/schema\/person\/8088e79ef2079e84ea76794d4334ee71\",\"name\":\"admin\",\"image\":{\"@type\":\"ImageObject\",\"inLanguage\":\"pt-PT\",\"@id\":\"https:\/\/udestinations.es\/de\/#\/schema\/person\/image\/\",\"url\":\"https:\/\/secure.gravatar.com\/avatar\/ff63818b95f758f630162236e11d96b8?s=96&d=mm&r=g\",\"contentUrl\":\"https:\/\/secure.gravatar.com\/avatar\/ff63818b95f758f630162236e11d96b8?s=96&d=mm&r=g\",\"caption\":\"admin\"}}]}<\/script>\n<!-- \/ Yoast SEO Premium plugin. -->","yoast_head_json":{"title":"La Virgen de Guadalupe y el D\u00eda de la Hispanidad","description":"La Virgen de Guadalupe . Patrona de Extremadura, cuya imagen se guarda en el Real Monasterio de Santa Mar\u00eda de Guadalupe","robots":{"index":"index","follow":"follow","max-snippet":"max-snippet:-1","max-image-preview":"max-image-preview:large","max-video-preview":"max-video-preview:-1"},"canonical":"https:\/\/udestinations.es\/pt\/la-virgen-de-guadalupe-y-el-dia-de-la-hispanidad\/","og_locale":"pt_PT","og_type":"article","og_title":"La Virgen de Guadalupe y el D\u00eda de la Hispanidad","og_description":"La Virgen de Guadalupe . Patrona de Extremadura, cuya imagen se guarda en el Real Monasterio de Santa Mar\u00eda de Guadalupe","og_url":"https:\/\/udestinations.es\/pt\/la-virgen-de-guadalupe-y-el-dia-de-la-hispanidad\/","og_site_name":"uDestinations","article_publisher":"https:\/\/www.facebook.com\/UDestinations.experiences\/","article_published_time":"2023-09-01T12:44:27+00:00","article_modified_time":"2023-04-21T10:28:33+00:00","og_image":[{"width":1536,"height":1152,"url":"https:\/\/udestinations.es\/wp-content\/uploads\/2023\/01\/guadalupe-1536x1152-1.webp","type":"image\/webp"}],"author":"admin","twitter_card":"summary_large_image","twitter_creator":"@udestinations_","twitter_site":"@udestinations_","twitter_misc":{"Escrito por":"admin","Tempo estimado de leitura":"3 minutos"},"schema":{"@context":"https:\/\/schema.org","@graph":[{"@type":"WebPage","@id":"https:\/\/udestinations.es\/la-virgen-de-guadalupe-y-el-dia-de-la-hispanidad\/","url":"https:\/\/udestinations.es\/la-virgen-de-guadalupe-y-el-dia-de-la-hispanidad\/","name":"La Virgen de Guadalupe y el D\u00eda de la Hispanidad","isPartOf":{"@id":"https:\/\/udestinations.es\/de\/#website"},"primaryImageOfPage":{"@id":"https:\/\/udestinations.es\/la-virgen-de-guadalupe-y-el-dia-de-la-hispanidad\/#primaryimage"},"image":{"@id":"https:\/\/udestinations.es\/la-virgen-de-guadalupe-y-el-dia-de-la-hispanidad\/#primaryimage"},"thumbnailUrl":"https:\/\/udestinations.es\/wp-content\/uploads\/2023\/01\/guadalupe-1536x1152-1.webp","datePublished":"2023-09-01T12:44:27+00:00","dateModified":"2023-04-21T10:28:33+00:00","author":{"@id":"https:\/\/udestinations.es\/de\/#\/schema\/person\/8088e79ef2079e84ea76794d4334ee71"},"description":"La Virgen de Guadalupe . Patrona de Extremadura, cuya imagen se guarda en el Real Monasterio de Santa Mar\u00eda de Guadalupe","inLanguage":"pt-PT","potentialAction":[{"@type":"ReadAction","target":["https:\/\/udestinations.es\/la-virgen-de-guadalupe-y-el-dia-de-la-hispanidad\/"]}]},{"@type":"ImageObject","inLanguage":"pt-PT","@id":"https:\/\/udestinations.es\/la-virgen-de-guadalupe-y-el-dia-de-la-hispanidad\/#primaryimage","url":"https:\/\/udestinations.es\/wp-content\/uploads\/2023\/01\/guadalupe-1536x1152-1.webp","contentUrl":"https:\/\/udestinations.es\/wp-content\/uploads\/2023\/01\/guadalupe-1536x1152-1.webp","width":1536,"height":1152},{"@type":"WebSite","@id":"https:\/\/udestinations.es\/de\/#website","url":"https:\/\/udestinations.es\/de\/","name":"uDestinations","description":"","potentialAction":[{"@type":"SearchAction","target":{"@type":"EntryPoint","urlTemplate":"https:\/\/udestinations.es\/de\/?s={search_term_string}"},"query-input":{"@type":"PropertyValueSpecification","valueRequired":true,"valueName":"search_term_string"}}],"inLanguage":"pt-PT"},{"@type":"Person","@id":"https:\/\/udestinations.es\/de\/#\/schema\/person\/8088e79ef2079e84ea76794d4334ee71","name":"admin","image":{"@type":"ImageObject","inLanguage":"pt-PT","@id":"https:\/\/udestinations.es\/de\/#\/schema\/person\/image\/","url":"https:\/\/secure.gravatar.com\/avatar\/ff63818b95f758f630162236e11d96b8?s=96&d=mm&r=g","contentUrl":"https:\/\/secure.gravatar.com\/avatar\/ff63818b95f758f630162236e11d96b8?s=96&d=mm&r=g","caption":"admin"}}]}},"_links":{"self":[{"href":"https:\/\/udestinations.es\/pt\/wp-json\/wp\/v2\/posts\/1142","targetHints":{"allow":["GET"]}}],"collection":[{"href":"https:\/\/udestinations.es\/pt\/wp-json\/wp\/v2\/posts"}],"about":[{"href":"https:\/\/udestinations.es\/pt\/wp-json\/wp\/v2\/types\/post"}],"author":[{"embeddable":true,"href":"https:\/\/udestinations.es\/pt\/wp-json\/wp\/v2\/users\/1"}],"replies":[{"embeddable":true,"href":"https:\/\/udestinations.es\/pt\/wp-json\/wp\/v2\/comments?post=1142"}],"version-history":[{"count":33,"href":"https:\/\/udestinations.es\/pt\/wp-json\/wp\/v2\/posts\/1142\/revisions"}],"predecessor-version":[{"id":8500,"href":"https:\/\/udestinations.es\/pt\/wp-json\/wp\/v2\/posts\/1142\/revisions\/8500"}],"wp:featuredmedia":[{"embeddable":true,"href":"https:\/\/udestinations.es\/pt\/wp-json\/wp\/v2\/media\/2072"}],"wp:attachment":[{"href":"https:\/\/udestinations.es\/pt\/wp-json\/wp\/v2\/media?parent=1142"}],"wp:term":[{"taxonomy":"category","embeddable":true,"href":"https:\/\/udestinations.es\/pt\/wp-json\/wp\/v2\/categories?post=1142"},{"taxonomy":"post_tag","embeddable":true,"href":"https:\/\/udestinations.es\/pt\/wp-json\/wp\/v2\/tags?post=1142"}],"curies":[{"name":"wp","href":"https:\/\/api.w.org\/{rel}","templated":true}]}}