{"id":8637,"date":"2023-03-20T15:23:30","date_gmt":"2023-03-20T15:23:30","guid":{"rendered":"https:\/\/udestinations.es\/?p=8637"},"modified":"2023-04-27T10:10:11","modified_gmt":"2023-04-27T10:10:11","slug":"5-razones-para-visitar-aveiro-portugal-en-primavera","status":"publish","type":"post","link":"https:\/\/udestinations.es\/de\/5-razones-para-visitar-aveiro-portugal-en-primavera\/","title":{"rendered":"5 Gr\u00fcnde f\u00fcr einen Besuch in Aveiro, Portugal, im Fr\u00fchling"},"content":{"rendered":"<div data-elementor-type=\"wp-post\" data-elementor-id=\"8637\" class=\"elementor elementor-8637\" data-elementor-post-type=\"post\">\n\t\t\t\t\t\t<section data-particle_enable=\"false\" data-particle-mobile-disabled=\"false\" class=\"elementor-section elementor-top-section elementor-element elementor-element-8e6cb9e elementor-section-boxed elementor-section-height-default elementor-section-height-default\" data-id=\"8e6cb9e\" data-element_type=\"section\" data-settings=\"{&quot;background_background&quot;:&quot;classic&quot;}\">\n\t\t\t\t\t\t<div class=\"elementor-container elementor-column-gap-default\">\n\t\t\t\t\t<div class=\"elementor-column elementor-col-100 elementor-top-column elementor-element elementor-element-4adfc69\" data-id=\"4adfc69\" data-element_type=\"column\">\n\t\t\t<div class=\"elementor-widget-wrap elementor-element-populated\">\n\t\t\t\t\t\t<div class=\"elementor-element elementor-element-7730256 elementor-widget elementor-widget-heading\" data-id=\"7730256\" data-element_type=\"widget\" data-widget_type=\"heading.default\">\n\t\t\t\t<div class=\"elementor-widget-container\">\n\t\t\t<style>\/*! elementor - v3.23.0 - 05-08-2024 *\/\n.elementor-heading-title{padding:0;margin:0;line-height:1}.elementor-widget-heading .elementor-heading-title[class*=elementor-size-]>a{color:inherit;font-size:inherit;line-height:inherit}.elementor-widget-heading .elementor-heading-title.elementor-size-small{font-size:15px}.elementor-widget-heading .elementor-heading-title.elementor-size-medium{font-size:19px}.elementor-widget-heading .elementor-heading-title.elementor-size-large{font-size:29px}.elementor-widget-heading .elementor-heading-title.elementor-size-xl{font-size:39px}.elementor-widget-heading .elementor-heading-title.elementor-size-xxl{font-size:59px}<\/style><h2 class=\"elementor-heading-title elementor-size-xl\">5 Gr\u00fcnde f\u00fcr einen Besuch in Aveiro, Portugal, im Fr\u00fchling<\/h2>\t\t<\/div>\n\t\t\t\t<\/div>\n\t\t\t\t<div class=\"elementor-element elementor-element-1a594e4 elementor-widget elementor-widget-text-editor\" data-id=\"1a594e4\" data-element_type=\"widget\" data-widget_type=\"text-editor.default\">\n\t\t\t\t<div class=\"elementor-widget-container\">\n\t\t\t<style>\/*! elementor - v3.23.0 - 05-08-2024 *\/\n.elementor-widget-text-editor.elementor-drop-cap-view-stacked .elementor-drop-cap{background-color:#69727d;color:#fff}.elementor-widget-text-editor.elementor-drop-cap-view-framed .elementor-drop-cap{color:#69727d;border:3px solid;background-color:transparent}.elementor-widget-text-editor:not(.elementor-drop-cap-view-default) .elementor-drop-cap{margin-top:8px}.elementor-widget-text-editor:not(.elementor-drop-cap-view-default) .elementor-drop-cap-letter{width:1em;height:1em}.elementor-widget-text-editor .elementor-drop-cap{float:left;text-align:center;line-height:1;font-size:50px}.elementor-widget-text-editor .elementor-drop-cap-letter{display:inline-block}<\/style>\t\t\t\t<p><strong>Eine Reise in diese malerische Stadt entf\u00fchrt Sie in ein wundersch\u00f6nes M\u00e4rchen.<\/strong><\/p>\t\t\t\t\t\t<\/div>\n\t\t\t\t<\/div>\n\t\t\t\t<div class=\"elementor-element elementor-element-d8ade6f elementor-widget elementor-widget-image\" data-id=\"d8ade6f\" data-element_type=\"widget\" data-widget_type=\"image.default\">\n\t\t\t\t<div class=\"elementor-widget-container\">\n\t\t\t<style>\/*! elementor - v3.23.0 - 05-08-2024 *\/\n.elementor-widget-image{text-align:center}.elementor-widget-image a{display:inline-block}.elementor-widget-image a img[src$=\".svg\"]{width:48px}.elementor-widget-image img{vertical-align:middle;display:inline-block}<\/style>\t\t\t\t\t\t\t<figure class=\"wp-caption\">\n\t\t\t\t\t\t\t\t\t\t<img fetchpriority=\"high\" decoding=\"async\" width=\"1000\" height=\"563\" src=\"https:\/\/udestinations.es\/wp-content\/uploads\/2023\/04\/aveiro1.webp\" class=\"attachment-large size-large wp-image-8554\" alt=\"\" srcset=\"https:\/\/udestinations.es\/wp-content\/uploads\/2023\/04\/aveiro1.webp 1000w, https:\/\/udestinations.es\/wp-content\/uploads\/2023\/04\/aveiro1-300x169.webp 300w, https:\/\/udestinations.es\/wp-content\/uploads\/2023\/04\/aveiro1-768x432.webp 768w, https:\/\/udestinations.es\/wp-content\/uploads\/2023\/04\/aveiro1-18x10.webp 18w, https:\/\/udestinations.es\/wp-content\/uploads\/2023\/04\/aveiro1-600x338.webp 600w\" sizes=\"(max-width: 1000px) 100vw, 1000px\" \/>\t\t\t\t\t\t\t\t\t\t\t<figcaption class=\"widget-image-caption wp-caption-text\"><\/figcaption>\n\t\t\t\t\t\t\t\t\t\t<\/figure>\n\t\t\t\t\t\t\t<\/div>\n\t\t\t\t<\/div>\n\t\t\t\t<div class=\"elementor-element elementor-element-7f7ff06 elementor-widget elementor-widget-text-editor\" data-id=\"7f7ff06\" data-element_type=\"widget\" data-widget_type=\"text-editor.default\">\n\t\t\t\t<div class=\"elementor-widget-container\">\n\t\t\t\t\t\t\t<p id=\"viewer-cnff1\" class=\"mm8Nw _1j-51 WkT0MK _1FoOD _78FBa qEvi6J WkT0MK public-DraftStyleDefault-block-depth0 fixed-tab-size public-DraftStyleDefault-text-ltr\"><span class=\"_2PHJq public-DraftStyleDefault-ltr\">Aveiro ist eine portugiesische Stadt in der Region Centro in Portugal, ein paar Kilometer s\u00fcdlich von Porto. Sie ist auch bekannt als die \"<a class=\"_1SmKK\" href=\"https:\/\/es.udestinations.com\/unique-destinations-blog\/hashtags\/VeneciaPortuguesa\" target=\"_self\">#VeneziaPortugiesisch<\/a>\"Es ist ein ideales Reiseziel f\u00fcr diejenigen, die sowohl einen Strandurlaub als auch einen interessanten und authentischen Stadt- und Gastronomieaufenthalt suchen.<\/span><\/p><div data-hook=\"rcv-block4\">\u00a0<\/div><div id=\"viewer-am4rs\" class=\"mm8Nw _1j-51 WkT0MK _1FoOD _78FBa qEvi6J WkT0MK public-DraftStyleDefault-block-depth0 fixed-tab-size public-DraftStyleDefault-text-ltr\"><span class=\"_2PHJq public-DraftStyleDefault-ltr\">\u00a0<\/span><\/div><div data-hook=\"rcv-block5\">\u00a0<\/div><h5 id=\"viewer-2bh9a\" class=\"_3qMKZ _1j-51 _1FoOD _78FBa qEvi6J WkT0MK public-DraftStyleDefault-block-depth0 fixed-tab-size public-DraftStyleDefault-text-ltr\"><span class=\"_2PHJq public-DraftStyleDefault-ltr\" style=\"color: #ecd66c;\"><strong>Was ist so besonders an dieser Stadt?<\/strong> Hier sind 5 Gr\u00fcnde, dieses Reiseziel zu w\u00e4hlen:<\/span><\/h5><div id=\"viewer-2pkgj\" class=\"_2vd5k iG0hRj\"><div class=\"_17-_F MecilX MecilX\"><div class=\"_2kEVY\" tabindex=\"0\" role=\"button\" data-hook=\"imageViewer\"><div id=\"new-image1038\" class=\"_3WJnn _2i-Gt _2Ybje\"><figure id=\"attachment_8555\" aria-describedby=\"caption-attachment-8555\" style=\"width: 472px\" class=\"wp-caption alignleft\"><a href=\"https:\/\/udestinations.es\/wp-content\/uploads\/2023\/04\/aveiro2.webp\"><img decoding=\"async\" class=\"wp-image-8555\" src=\"https:\/\/udestinations.es\/wp-content\/uploads\/2023\/04\/aveiro2-300x169.webp\" alt=\"\" width=\"472\" height=\"266\" srcset=\"https:\/\/udestinations.es\/wp-content\/uploads\/2023\/04\/aveiro2-300x169.webp 300w, https:\/\/udestinations.es\/wp-content\/uploads\/2023\/04\/aveiro2-768x432.webp 768w, https:\/\/udestinations.es\/wp-content\/uploads\/2023\/04\/aveiro2-18x10.webp 18w, https:\/\/udestinations.es\/wp-content\/uploads\/2023\/04\/aveiro2-600x338.webp 600w, https:\/\/udestinations.es\/wp-content\/uploads\/2023\/04\/aveiro2.webp 1000w\" sizes=\"(max-width: 472px) 100vw, 472px\" \/><\/a><figcaption id=\"caption-attachment-8555\" class=\"wp-caption-text\">Altes Stadtzentrum<\/figcaption><\/figure><\/div><p><strong>Seine Geschichte und Kultur<\/strong><\/p><\/div><\/div><\/div><div id=\"viewer-fm270\" class=\"mm8Nw _1j-51 WkT0MK _1FoOD _78FBa qEvi6J WkT0MK public-DraftStyleDefault-block-depth0 fixed-tab-size public-DraftStyleDefault-text-ltr\"><span class=\"_2PHJq public-DraftStyleDefault-ltr\">Diese Stadt verf\u00fcgt \u00fcber ein hervorragendes historisches Viertel im gotischen und barocken Stil, dessen Herzst\u00fcck die Kathedrale ist. Hier finden Sie auch das Museum f\u00fcr sakrale Kunst, das in der Stadt sehr ber\u00fchmt ist.<\/span><\/div><div data-hook=\"rcv-block11\">\u00a0<\/div><div>\u00a0<\/div><div>\u00a0<\/div><div>\u00a0<\/div><div id=\"viewer-86dld\" class=\"mm8Nw _1j-51 WkT0MK _1FoOD _78FBa qEvi6J WkT0MK public-DraftStyleDefault-block-depth0 fixed-tab-size public-DraftStyleDefault-text-ltr\"><span class=\"_2PHJq public-DraftStyleDefault-ltr\">\u00a0<\/span><\/div><div>\u00a0<\/div><div>\u00a0<\/div><div>\u00a0<\/div><div id=\"viewer-14fsn\" class=\"_2vd5k iG0hRj\"><div class=\"_3VL_9 wwoDlD wwoDlD _3vo3y b0eH1G b0eH1G\"><div class=\"_2kEVY\" tabindex=\"0\" role=\"button\" data-hook=\"imageViewer\"><div id=\"new-image1039\" class=\"_3WJnn _2i-Gt _2Ybje\"><figure id=\"attachment_8278\" aria-describedby=\"caption-attachment-8278\" style=\"width: 420px\" class=\"wp-caption alignright\"><a href=\"https:\/\/udestinations.es\/wp-content\/uploads\/2023\/04\/madre2.webp\"><img decoding=\"async\" class=\"wp-image-8278\" src=\"https:\/\/udestinations.es\/wp-content\/uploads\/2023\/04\/madre2-225x300.webp\" alt=\"\" width=\"420\" height=\"560\" srcset=\"https:\/\/udestinations.es\/wp-content\/uploads\/2023\/04\/madre2-225x300.webp 225w, https:\/\/udestinations.es\/wp-content\/uploads\/2023\/04\/madre2-9x12.webp 9w, https:\/\/udestinations.es\/wp-content\/uploads\/2023\/04\/madre2-600x800.webp 600w, https:\/\/udestinations.es\/wp-content\/uploads\/2023\/04\/madre2.webp 710w\" sizes=\"(max-width: 420px) 100vw, 420px\" \/><\/a><figcaption id=\"caption-attachment-8278\" class=\"wp-caption-text\">Boote Moliceiros, Aveiro<\/figcaption><\/figure><\/div><div class=\"\"><span class=\"_2PHJq public-DraftStyleDefault-ltr\"><strong>Ihre Kan\u00e4le<\/strong><\/span><\/div><div>\u00a0<\/div><div class=\"\">Ein \"Muss\" bei einem Besuch in Aveiro ist eine Fahrt mit einem \"<a class=\"_3Bkfb _1lsz7\" href=\"https:\/\/www.turismoenportugal.org\/pasear-en-moliceiro\" target=\"_blank\" rel=\"noopener noreferrer noopener\" data-hook=\"linkViewer\"><u class=\"_3zM-5\">moliceiro<\/u><\/a>\"Ein typisches Boot, das den venezianischen Gondeln \u00e4hnelt. Vom Boot aus k\u00f6nnen Sie all die bunten und kontrastreichen H\u00e4user und Viertel bewundern, die die Ufer der Kan\u00e4le s\u00e4umen.<\/div><\/div><\/div><\/div><div data-hook=\"rcv-block17\">\u00a0<\/div><div id=\"viewer-8r2l9\" class=\"mm8Nw _1j-51 WkT0MK _1FoOD _78FBa qEvi6J WkT0MK public-DraftStyleDefault-block-depth0 fixed-tab-size public-DraftStyleDefault-text-ltr\"><span class=\"_2PHJq public-DraftStyleDefault-ltr\">\u00a0<\/span><\/div><div data-hook=\"rcv-block18\">\u00a0<\/div><div id=\"viewer-1pnk8\" class=\"mm8Nw _1j-51 WkT0MK _1FoOD _78FBa qEvi6J WkT0MK public-DraftStyleDefault-block-depth0 fixed-tab-size public-DraftStyleDefault-text-ltr\"><span class=\"_2PHJq public-DraftStyleDefault-ltr\">\u00a0<\/span><\/div><div data-hook=\"rcv-block19\">\u00a0<\/div><h3>\u00a0<\/h3><p>\u00a0<\/p><p>\u00a0<\/p><p>\u00a0<\/p><p>\u00a0<\/p><p id=\"viewer-1d2k5\" class=\"_3qMKZ _1j-51 _1FoOD _78FBa qEvi6J WkT0MK public-DraftStyleDefault-block-depth0 fixed-tab-size public-DraftStyleDefault-text-ltr\"><span class=\"_2PHJq public-DraftStyleDefault-ltr\"><strong>Seine Str\u00e4nde<\/strong><\/span><\/p><p id=\"viewer-1s7cf\" class=\"mm8Nw _1j-51 WkT0MK _1FoOD _78FBa qEvi6J WkT0MK public-DraftStyleDefault-block-depth0 fixed-tab-size public-DraftStyleDefault-text-ltr\"><span class=\"_2PHJq public-DraftStyleDefault-ltr\">Die kilometerlangen Str\u00e4nde, die charakteristischen Wellen und die malerischen H\u00e4user machen die Str\u00e4nde von Aveiro zu einem sehr attraktiven Ziel f\u00fcr alle Meeresliebhaber und Wassersportler. Bekannt sind auch die sch\u00f6nen H\u00e4user in dieser Gegend, ehemalige Fischerh\u00e4user, die jetzt renoviert wurden.<\/span><\/p><div data-hook=\"rcv-block21\">\u00a0<\/div><div id=\"viewer-fjfg8\" class=\"_2vd5k iG0hRj\"><div class=\"_3CWa- N9BmOG N9BmOG\"><div class=\"_2kEVY\" tabindex=\"0\" role=\"button\" data-hook=\"imageViewer\"><div id=\"new-image1040\" class=\"_3WJnn _2i-Gt _2Ybje\"><figure id=\"attachment_8556\" aria-describedby=\"caption-attachment-8556\" style=\"width: 512px\" class=\"wp-caption aligncenter\"><a href=\"https:\/\/udestinations.es\/wp-content\/uploads\/2023\/04\/aveiro3.webp\"><img loading=\"lazy\" decoding=\"async\" class=\"wp-image-8556\" src=\"https:\/\/udestinations.es\/wp-content\/uploads\/2023\/04\/aveiro3-300x200.webp\" alt=\"\" width=\"512\" height=\"341\" srcset=\"https:\/\/udestinations.es\/wp-content\/uploads\/2023\/04\/aveiro3-300x200.webp 300w, https:\/\/udestinations.es\/wp-content\/uploads\/2023\/04\/aveiro3-768x512.webp 768w, https:\/\/udestinations.es\/wp-content\/uploads\/2023\/04\/aveiro3-18x12.webp 18w, https:\/\/udestinations.es\/wp-content\/uploads\/2023\/04\/aveiro3-930x620.webp 930w, https:\/\/udestinations.es\/wp-content\/uploads\/2023\/04\/aveiro3-600x400.webp 600w, https:\/\/udestinations.es\/wp-content\/uploads\/2023\/04\/aveiro3.webp 1000w\" sizes=\"(max-width: 512px) 100vw, 512px\" \/><\/a><figcaption id=\"caption-attachment-8556\" class=\"wp-caption-text\">Str\u00e4nde von Aveiro<\/figcaption><\/figure><\/div><\/div><\/div><\/div><p>\u00a0<\/p><p>\u00a0<\/p><div id=\"viewer-e3g9q\" class=\"_2vd5k iG0hRj\"><div class=\"_3VL_9 wwoDlD wwoDlD\"><div class=\"_2kEVY\" tabindex=\"0\" role=\"button\" data-hook=\"imageViewer\"><div id=\"new-image1041\" class=\"_3WJnn _2i-Gt _2Ybje\"><figure id=\"attachment_8557\" aria-describedby=\"caption-attachment-8557\" style=\"width: 456px\" class=\"wp-caption alignright\"><a href=\"https:\/\/udestinations.es\/wp-content\/uploads\/2023\/04\/aveiro4.webp\"><img loading=\"lazy\" decoding=\"async\" class=\"wp-image-8557\" src=\"https:\/\/udestinations.es\/wp-content\/uploads\/2023\/04\/aveiro4-300x240.webp\" alt=\"\" width=\"456\" height=\"365\" srcset=\"https:\/\/udestinations.es\/wp-content\/uploads\/2023\/04\/aveiro4-300x240.webp 300w, https:\/\/udestinations.es\/wp-content\/uploads\/2023\/04\/aveiro4-768x614.webp 768w, https:\/\/udestinations.es\/wp-content\/uploads\/2023\/04\/aveiro4-15x12.webp 15w, https:\/\/udestinations.es\/wp-content\/uploads\/2023\/04\/aveiro4-600x480.webp 600w, https:\/\/udestinations.es\/wp-content\/uploads\/2023\/04\/aveiro4.webp 1000w\" sizes=\"(max-width: 456px) 100vw, 456px\" \/><\/a><figcaption id=\"caption-attachment-8557\" class=\"wp-caption-text\">Ovos Mole<\/figcaption><\/figure><\/div><p><strong>Seine Gastronomie<\/strong><\/p><\/div><\/div><\/div><p id=\"viewer-cv8iv\" class=\"mm8Nw _1j-51 WkT0MK _1FoOD _78FBa qEvi6J WkT0MK public-DraftStyleDefault-block-depth0 fixed-tab-size public-DraftStyleDefault-text-ltr\"><span class=\"_2PHJq public-DraftStyleDefault-ltr\">Die Gastronomie von Aveiro basiert auf frischem Fisch, mit Gerichten, die auf Meeresfr\u00fcchten oder Kabeljau basieren. Aber es gibt auch typische S\u00fc\u00dfigkeiten wie die \"ovos moles\": ein Dessert aus Waffeln, die mit gekochtem Eigelb gef\u00fcllt sind.<\/span><\/p><div data-hook=\"rcv-block27\">\u00a0<\/div><div id=\"viewer-7clgi\" class=\"mm8Nw _1j-51 WkT0MK _1FoOD _78FBa qEvi6J WkT0MK public-DraftStyleDefault-block-depth0 fixed-tab-size public-DraftStyleDefault-text-ltr\"><span class=\"_2PHJq public-DraftStyleDefault-ltr\">\u00a0<\/span><\/div><div data-hook=\"rcv-block28\">\u00a0<\/div><div id=\"viewer-6f6si\" class=\"mm8Nw _1j-51 WkT0MK _1FoOD _78FBa qEvi6J WkT0MK public-DraftStyleDefault-block-depth0 fixed-tab-size public-DraftStyleDefault-text-ltr\"><span class=\"_2PHJq public-DraftStyleDefault-ltr\">\u00a0<\/span><\/div><div>\u00a0<\/div><div data-hook=\"rcv-block29\">\u00a0<\/div><div data-hook=\"rcv-block29\">\u00a0<\/div><div id=\"viewer-7t6hb\" class=\"_2vd5k iG0hRj\"><div class=\"_17-_F MecilX MecilX _3vo3y b0eH1G b0eH1G\"><div class=\"_2kEVY\" tabindex=\"0\" role=\"button\" data-hook=\"imageViewer\"><div id=\"new-image1042\" class=\"_3WJnn _2i-Gt _2Ybje\"><figure id=\"attachment_8558\" aria-describedby=\"caption-attachment-8558\" style=\"width: 389px\" class=\"wp-caption alignleft\"><a href=\"https:\/\/udestinations.es\/wp-content\/uploads\/2023\/04\/aveiro5.webp\"><img loading=\"lazy\" decoding=\"async\" class=\"wp-image-8558\" src=\"https:\/\/udestinations.es\/wp-content\/uploads\/2023\/04\/aveiro5-300x200.webp\" alt=\"\" width=\"389\" height=\"259\" srcset=\"https:\/\/udestinations.es\/wp-content\/uploads\/2023\/04\/aveiro5-300x200.webp 300w, https:\/\/udestinations.es\/wp-content\/uploads\/2023\/04\/aveiro5-768x512.webp 768w, https:\/\/udestinations.es\/wp-content\/uploads\/2023\/04\/aveiro5-18x12.webp 18w, https:\/\/udestinations.es\/wp-content\/uploads\/2023\/04\/aveiro5-930x620.webp 930w, https:\/\/udestinations.es\/wp-content\/uploads\/2023\/04\/aveiro5-600x400.webp 600w, https:\/\/udestinations.es\/wp-content\/uploads\/2023\/04\/aveiro5.webp 1000w\" sizes=\"(max-width: 389px) 100vw, 389px\" \/><\/a><figcaption id=\"caption-attachment-8558\" class=\"wp-caption-text\">H\u00e4user in Aveiro<\/figcaption><\/figure><\/div><p><strong>Seine \"Art Noveau\"<\/strong><\/p><\/div><\/div><\/div><div id=\"viewer-2cl02\" class=\"mm8Nw _1j-51 WkT0MK _1FoOD _78FBa qEvi6J WkT0MK public-DraftStyleDefault-block-depth0 fixed-tab-size public-DraftStyleDefault-text-ltr\"><span class=\"_2PHJq public-DraftStyleDefault-ltr\">Wussten Sie, dass viele Geb\u00e4ude im Stadtzentrum in diesem Stil dekoriert sind? Die charakteristische Verwendung von Fliesen in dieser portugiesischen Stadt ist eine weitere Touristenattraktion der Stadt. Orte wie der alte Bahnhof sind ein sch\u00f6nes Beispiel daf\u00fcr.<\/span><\/div><div data-hook=\"rcv-block34\">\u00a0<\/div><div id=\"viewer-328r4\" class=\"mm8Nw _1j-51 WkT0MK _1FoOD _78FBa qEvi6J WkT0MK public-DraftStyleDefault-block-depth0 fixed-tab-size public-DraftStyleDefault-text-ltr\"><span class=\"_2PHJq public-DraftStyleDefault-ltr\">\u00a0<\/span><\/div><div data-hook=\"rcv-block35\">\u00a0<\/div><div data-hook=\"rcv-block35\">\u00a0<\/div><div data-hook=\"rcv-block35\">\u00a0<\/div><div data-hook=\"rcv-block35\">\u00a0<\/div><div id=\"viewer-9p48e\" class=\"mm8Nw _1j-51 WkT0MK _1FoOD _78FBa qEvi6J WkT0MK public-DraftStyleDefault-block-depth0 fixed-tab-size public-DraftStyleDefault-text-ltr\"><span class=\"_2PHJq public-DraftStyleDefault-ltr\">\u00a0<\/span><\/div><div class=\"mm8Nw _1j-51 WkT0MK _1FoOD _78FBa qEvi6J WkT0MK public-DraftStyleDefault-block-depth0 fixed-tab-size public-DraftStyleDefault-text-ltr\"><span class=\"_2PHJq public-DraftStyleDefault-ltr\">Nat\u00fcrlich gibt es noch viele weitere Gr\u00fcnde, diese charmante Stadt zu besuchen. Aveiro wird Sie viel mehr \u00fcberraschen, als Sie sich vorstellen k\u00f6nnen. M\u00f6chten Sie die Stadt besuchen und mit uns neue Erfahrungen machen? M\u00f6chten Sie exklusive Optionen wie eine Champagner- und Austernverkostung genie\u00dfen, w\u00e4hrend Sie diese wundersch\u00f6ne Stadt entdecken? Fragen Sie uns unverbindlich. <\/span><\/div>\t\t\t\t\t\t<\/div>\n\t\t\t\t<\/div>\n\t\t\t\t\t<\/div>\n\t\t<\/div>\n\t\t\t\t\t<\/div>\n\t\t<\/section>\n\t\t\t\t<\/div>","protected":false},"excerpt":{"rendered":"<p>5 razones para visitar Aveiro, Portugal, en primavera Viajar a esta pintoresca localidad har\u00e1 que te adentres en un precioso cuento. Aveiro es una ciudad portuguesa de la regi\u00f3n Centro de Portugal, a pocos kil\u00f3metros al sur de Oporto. Tambi\u00e9n conocida como la \u201c#VeneciaPortuguesa\u201d, es un destino ideal para aquellos que buscan disfrutar tanto de&hellip;&nbsp;<a href=\"https:\/\/udestinations.es\/de\/5-razones-para-visitar-aveiro-portugal-en-primavera\/\" rel=\"bookmark\">Weiterlesen \"<span class=\"screen-reader-text\">5 Gr\u00fcnde f\u00fcr einen Besuch in Aveiro, Portugal, im Fr\u00fchling<\/span><\/a><\/p>","protected":false},"author":1,"featured_media":8278,"comment_status":"open","ping_status":"open","sticky":false,"template":"","format":"standard","meta":{"_acf_changed":false,"neve_meta_sidebar":"","neve_meta_container":"","neve_meta_enable_content_width":"off","neve_meta_content_width":70,"neve_meta_title_alignment":"","neve_meta_author_avatar":"","neve_post_elements_order":"[\"content\",\"tags\",\"comments\"]","neve_meta_disable_header":"","neve_meta_disable_footer":"","neve_meta_disable_title":"","neve_meta_reading_time":"","footnotes":""},"categories":[1],"tags":[],"class_list":["post-8637","post","type-post","status-publish","format-standard","has-post-thumbnail","hentry","category-uncategorized"],"acf":[],"yoast_head":"<!-- This site is optimized with the Yoast SEO Premium plugin v20.1 (Yoast SEO v23.8) - https:\/\/yoast.com\/wordpress\/plugins\/seo\/ -->\n<title>5 razones para visitar Aveiro, Portugal, en primavera<\/title>\n<meta name=\"description\" content=\"Ribera del Guadiana. A lo largo y ancho de la Pen\u00ednsula Ib\u00e9rica, las regiones vin\u00edcolas de gran prestigio se suceden en el territorio.\" \/>\n<meta name=\"robots\" content=\"index, follow, max-snippet:-1, max-image-preview:large, max-video-preview:-1\" \/>\n<link rel=\"canonical\" href=\"https:\/\/udestinations.es\/de\/5-razones-para-visitar-aveiro-portugal-en-primavera\/\" \/>\n<meta property=\"og:locale\" content=\"de_DE\" \/>\n<meta property=\"og:type\" content=\"article\" \/>\n<meta property=\"og:title\" content=\"5 razones para visitar Aveiro, Portugal, en primavera\" \/>\n<meta property=\"og:description\" content=\"Ribera del Guadiana. A lo largo y ancho de la Pen\u00ednsula Ib\u00e9rica, las regiones vin\u00edcolas de gran prestigio se suceden en el territorio.\" \/>\n<meta property=\"og:url\" content=\"https:\/\/udestinations.es\/de\/5-razones-para-visitar-aveiro-portugal-en-primavera\/\" \/>\n<meta property=\"og:site_name\" content=\"uDestinations\" \/>\n<meta property=\"article:publisher\" content=\"https:\/\/www.facebook.com\/UDestinations.experiences\/\" \/>\n<meta property=\"article:published_time\" content=\"2023-03-20T15:23:30+00:00\" \/>\n<meta property=\"article:modified_time\" content=\"2023-04-27T10:10:11+00:00\" \/>\n<meta property=\"og:image\" content=\"https:\/\/udestinations.es\/wp-content\/uploads\/2023\/04\/madre2.webp\" \/>\n\t<meta property=\"og:image:width\" content=\"710\" \/>\n\t<meta property=\"og:image:height\" content=\"947\" \/>\n\t<meta property=\"og:image:type\" content=\"image\/webp\" \/>\n<meta name=\"author\" content=\"admin\" \/>\n<meta name=\"twitter:card\" content=\"summary_large_image\" \/>\n<meta name=\"twitter:creator\" content=\"@udestinations_\" \/>\n<meta name=\"twitter:site\" content=\"@udestinations_\" \/>\n<meta name=\"twitter:label1\" content=\"Verfasst von\" \/>\n\t<meta name=\"twitter:data1\" content=\"admin\" \/>\n\t<meta name=\"twitter:label2\" content=\"Gesch\u00e4tzte Lesezeit\" \/>\n\t<meta name=\"twitter:data2\" content=\"2\u00a0Minuten\" \/>\n<script type=\"application\/ld+json\" class=\"yoast-schema-graph\">{\"@context\":\"https:\/\/schema.org\",\"@graph\":[{\"@type\":\"WebPage\",\"@id\":\"https:\/\/udestinations.es\/5-razones-para-visitar-aveiro-portugal-en-primavera\/\",\"url\":\"https:\/\/udestinations.es\/5-razones-para-visitar-aveiro-portugal-en-primavera\/\",\"name\":\"5 razones para visitar Aveiro, Portugal, en primavera\",\"isPartOf\":{\"@id\":\"https:\/\/udestinations.es\/de\/#website\"},\"primaryImageOfPage\":{\"@id\":\"https:\/\/udestinations.es\/5-razones-para-visitar-aveiro-portugal-en-primavera\/#primaryimage\"},\"image\":{\"@id\":\"https:\/\/udestinations.es\/5-razones-para-visitar-aveiro-portugal-en-primavera\/#primaryimage\"},\"thumbnailUrl\":\"https:\/\/udestinations.es\/wp-content\/uploads\/2023\/04\/madre2.webp\",\"datePublished\":\"2023-03-20T15:23:30+00:00\",\"dateModified\":\"2023-04-27T10:10:11+00:00\",\"author\":{\"@id\":\"https:\/\/udestinations.es\/de\/#\/schema\/person\/8088e79ef2079e84ea76794d4334ee71\"},\"description\":\"Ribera del Guadiana. A lo largo y ancho de la Pen\u00ednsula Ib\u00e9rica, las regiones vin\u00edcolas de gran prestigio se suceden en el territorio.\",\"inLanguage\":\"de\",\"potentialAction\":[{\"@type\":\"ReadAction\",\"target\":[\"https:\/\/udestinations.es\/5-razones-para-visitar-aveiro-portugal-en-primavera\/\"]}]},{\"@type\":\"ImageObject\",\"inLanguage\":\"de\",\"@id\":\"https:\/\/udestinations.es\/5-razones-para-visitar-aveiro-portugal-en-primavera\/#primaryimage\",\"url\":\"https:\/\/udestinations.es\/wp-content\/uploads\/2023\/04\/madre2.webp\",\"contentUrl\":\"https:\/\/udestinations.es\/wp-content\/uploads\/2023\/04\/madre2.webp\",\"width\":710,\"height\":947,\"caption\":\"Barcos Moliceiros, Aveiro\"},{\"@type\":\"WebSite\",\"@id\":\"https:\/\/udestinations.es\/de\/#website\",\"url\":\"https:\/\/udestinations.es\/de\/\",\"name\":\"uDestinations\",\"description\":\"\",\"potentialAction\":[{\"@type\":\"SearchAction\",\"target\":{\"@type\":\"EntryPoint\",\"urlTemplate\":\"https:\/\/udestinations.es\/de\/?s={search_term_string}\"},\"query-input\":{\"@type\":\"PropertyValueSpecification\",\"valueRequired\":true,\"valueName\":\"search_term_string\"}}],\"inLanguage\":\"de\"},{\"@type\":\"Person\",\"@id\":\"https:\/\/udestinations.es\/de\/#\/schema\/person\/8088e79ef2079e84ea76794d4334ee71\",\"name\":\"admin\",\"image\":{\"@type\":\"ImageObject\",\"inLanguage\":\"de\",\"@id\":\"https:\/\/udestinations.es\/de\/#\/schema\/person\/image\/\",\"url\":\"https:\/\/secure.gravatar.com\/avatar\/ff63818b95f758f630162236e11d96b8?s=96&d=mm&r=g\",\"contentUrl\":\"https:\/\/secure.gravatar.com\/avatar\/ff63818b95f758f630162236e11d96b8?s=96&d=mm&r=g\",\"caption\":\"admin\"}}]}<\/script>\n<!-- \/ Yoast SEO Premium plugin. -->","yoast_head_json":{"title":"5 razones para visitar Aveiro, Portugal, en primavera","description":"Ribera del Guadiana. A lo largo y ancho de la Pen\u00ednsula Ib\u00e9rica, las regiones vin\u00edcolas de gran prestigio se suceden en el territorio.","robots":{"index":"index","follow":"follow","max-snippet":"max-snippet:-1","max-image-preview":"max-image-preview:large","max-video-preview":"max-video-preview:-1"},"canonical":"https:\/\/udestinations.es\/de\/5-razones-para-visitar-aveiro-portugal-en-primavera\/","og_locale":"de_DE","og_type":"article","og_title":"5 razones para visitar Aveiro, Portugal, en primavera","og_description":"Ribera del Guadiana. A lo largo y ancho de la Pen\u00ednsula Ib\u00e9rica, las regiones vin\u00edcolas de gran prestigio se suceden en el territorio.","og_url":"https:\/\/udestinations.es\/de\/5-razones-para-visitar-aveiro-portugal-en-primavera\/","og_site_name":"uDestinations","article_publisher":"https:\/\/www.facebook.com\/UDestinations.experiences\/","article_published_time":"2023-03-20T15:23:30+00:00","article_modified_time":"2023-04-27T10:10:11+00:00","og_image":[{"width":710,"height":947,"url":"https:\/\/udestinations.es\/wp-content\/uploads\/2023\/04\/madre2.webp","type":"image\/webp"}],"author":"admin","twitter_card":"summary_large_image","twitter_creator":"@udestinations_","twitter_site":"@udestinations_","twitter_misc":{"Verfasst von":"admin","Gesch\u00e4tzte Lesezeit":"2\u00a0Minuten"},"schema":{"@context":"https:\/\/schema.org","@graph":[{"@type":"WebPage","@id":"https:\/\/udestinations.es\/5-razones-para-visitar-aveiro-portugal-en-primavera\/","url":"https:\/\/udestinations.es\/5-razones-para-visitar-aveiro-portugal-en-primavera\/","name":"5 razones para visitar Aveiro, Portugal, en primavera","isPartOf":{"@id":"https:\/\/udestinations.es\/de\/#website"},"primaryImageOfPage":{"@id":"https:\/\/udestinations.es\/5-razones-para-visitar-aveiro-portugal-en-primavera\/#primaryimage"},"image":{"@id":"https:\/\/udestinations.es\/5-razones-para-visitar-aveiro-portugal-en-primavera\/#primaryimage"},"thumbnailUrl":"https:\/\/udestinations.es\/wp-content\/uploads\/2023\/04\/madre2.webp","datePublished":"2023-03-20T15:23:30+00:00","dateModified":"2023-04-27T10:10:11+00:00","author":{"@id":"https:\/\/udestinations.es\/de\/#\/schema\/person\/8088e79ef2079e84ea76794d4334ee71"},"description":"Ribera del Guadiana. A lo largo y ancho de la Pen\u00ednsula Ib\u00e9rica, las regiones vin\u00edcolas de gran prestigio se suceden en el territorio.","inLanguage":"de","potentialAction":[{"@type":"ReadAction","target":["https:\/\/udestinations.es\/5-razones-para-visitar-aveiro-portugal-en-primavera\/"]}]},{"@type":"ImageObject","inLanguage":"de","@id":"https:\/\/udestinations.es\/5-razones-para-visitar-aveiro-portugal-en-primavera\/#primaryimage","url":"https:\/\/udestinations.es\/wp-content\/uploads\/2023\/04\/madre2.webp","contentUrl":"https:\/\/udestinations.es\/wp-content\/uploads\/2023\/04\/madre2.webp","width":710,"height":947,"caption":"Barcos Moliceiros, Aveiro"},{"@type":"WebSite","@id":"https:\/\/udestinations.es\/de\/#website","url":"https:\/\/udestinations.es\/de\/","name":"uDestinations","description":"","potentialAction":[{"@type":"SearchAction","target":{"@type":"EntryPoint","urlTemplate":"https:\/\/udestinations.es\/de\/?s={search_term_string}"},"query-input":{"@type":"PropertyValueSpecification","valueRequired":true,"valueName":"search_term_string"}}],"inLanguage":"de"},{"@type":"Person","@id":"https:\/\/udestinations.es\/de\/#\/schema\/person\/8088e79ef2079e84ea76794d4334ee71","name":"admin","image":{"@type":"ImageObject","inLanguage":"de","@id":"https:\/\/udestinations.es\/de\/#\/schema\/person\/image\/","url":"https:\/\/secure.gravatar.com\/avatar\/ff63818b95f758f630162236e11d96b8?s=96&d=mm&r=g","contentUrl":"https:\/\/secure.gravatar.com\/avatar\/ff63818b95f758f630162236e11d96b8?s=96&d=mm&r=g","caption":"admin"}}]}},"_links":{"self":[{"href":"https:\/\/udestinations.es\/de\/wp-json\/wp\/v2\/posts\/8637","targetHints":{"allow":["GET"]}}],"collection":[{"href":"https:\/\/udestinations.es\/de\/wp-json\/wp\/v2\/posts"}],"about":[{"href":"https:\/\/udestinations.es\/de\/wp-json\/wp\/v2\/types\/post"}],"author":[{"embeddable":true,"href":"https:\/\/udestinations.es\/de\/wp-json\/wp\/v2\/users\/1"}],"replies":[{"embeddable":true,"href":"https:\/\/udestinations.es\/de\/wp-json\/wp\/v2\/comments?post=8637"}],"version-history":[{"count":5,"href":"https:\/\/udestinations.es\/de\/wp-json\/wp\/v2\/posts\/8637\/revisions"}],"predecessor-version":[{"id":8704,"href":"https:\/\/udestinations.es\/de\/wp-json\/wp\/v2\/posts\/8637\/revisions\/8704"}],"wp:featuredmedia":[{"embeddable":true,"href":"https:\/\/udestinations.es\/de\/wp-json\/wp\/v2\/media\/8278"}],"wp:attachment":[{"href":"https:\/\/udestinations.es\/de\/wp-json\/wp\/v2\/media?parent=8637"}],"wp:term":[{"taxonomy":"category","embeddable":true,"href":"https:\/\/udestinations.es\/de\/wp-json\/wp\/v2\/categories?post=8637"},{"taxonomy":"post_tag","embeddable":true,"href":"https:\/\/udestinations.es\/de\/wp-json\/wp\/v2\/tags?post=8637"}],"curies":[{"name":"wp","href":"https:\/\/api.w.org\/{rel}","templated":true}]}}