{"id":8298,"date":"2023-03-20T08:58:26","date_gmt":"2023-03-20T08:58:26","guid":{"rendered":"https:\/\/udestinations.es\/?p=8298"},"modified":"2023-04-27T10:15:03","modified_gmt":"2023-04-27T10:15:03","slug":"descubralasmejoresrutaspararealizarenprimavera","status":"publish","type":"post","link":"https:\/\/udestinations.es\/de\/descubralasmejoresrutaspararealizarenprimavera\/","title":{"rendered":"Entdecken Sie die besten Routen f\u00fcr den Fr\u00fchling"},"content":{"rendered":"<div data-elementor-type=\"wp-post\" data-elementor-id=\"8298\" class=\"elementor elementor-8298\" data-elementor-post-type=\"post\">\n\t\t\t\t\t\t<section data-particle_enable=\"false\" data-particle-mobile-disabled=\"false\" class=\"elementor-section elementor-top-section elementor-element elementor-element-8e6cb9e elementor-section-boxed elementor-section-height-default elementor-section-height-default\" data-id=\"8e6cb9e\" data-element_type=\"section\" data-settings=\"{&quot;background_background&quot;:&quot;classic&quot;}\">\n\t\t\t\t\t\t<div class=\"elementor-container elementor-column-gap-default\">\n\t\t\t\t\t<div class=\"elementor-column elementor-col-100 elementor-top-column elementor-element elementor-element-4adfc69\" data-id=\"4adfc69\" data-element_type=\"column\">\n\t\t\t<div class=\"elementor-widget-wrap elementor-element-populated\">\n\t\t\t\t\t\t<div class=\"elementor-element elementor-element-7730256 elementor-widget elementor-widget-heading\" data-id=\"7730256\" data-element_type=\"widget\" data-widget_type=\"heading.default\">\n\t\t\t\t<div class=\"elementor-widget-container\">\n\t\t\t<style>\/*! elementor - v3.23.0 - 05-08-2024 *\/\n.elementor-heading-title{padding:0;margin:0;line-height:1}.elementor-widget-heading .elementor-heading-title[class*=elementor-size-]>a{color:inherit;font-size:inherit;line-height:inherit}.elementor-widget-heading .elementor-heading-title.elementor-size-small{font-size:15px}.elementor-widget-heading .elementor-heading-title.elementor-size-medium{font-size:19px}.elementor-widget-heading .elementor-heading-title.elementor-size-large{font-size:29px}.elementor-widget-heading .elementor-heading-title.elementor-size-xl{font-size:39px}.elementor-widget-heading .elementor-heading-title.elementor-size-xxl{font-size:59px}<\/style><h2 class=\"elementor-heading-title elementor-size-xl\">Entdecken Sie die besten Routen f\u00fcr den Fr\u00fchling<\/h2>\t\t<\/div>\n\t\t\t\t<\/div>\n\t\t\t\t<div class=\"elementor-element elementor-element-1a594e4 elementor-widget elementor-widget-text-editor\" data-id=\"1a594e4\" data-element_type=\"widget\" data-widget_type=\"text-editor.default\">\n\t\t\t\t<div class=\"elementor-widget-container\">\n\t\t\t<style>\/*! elementor - v3.23.0 - 05-08-2024 *\/\n.elementor-widget-text-editor.elementor-drop-cap-view-stacked .elementor-drop-cap{background-color:#69727d;color:#fff}.elementor-widget-text-editor.elementor-drop-cap-view-framed .elementor-drop-cap{color:#69727d;border:3px solid;background-color:transparent}.elementor-widget-text-editor:not(.elementor-drop-cap-view-default) .elementor-drop-cap{margin-top:8px}.elementor-widget-text-editor:not(.elementor-drop-cap-view-default) .elementor-drop-cap-letter{width:1em;height:1em}.elementor-widget-text-editor .elementor-drop-cap{float:left;text-align:center;line-height:1;font-size:50px}.elementor-widget-text-editor .elementor-drop-cap-letter{display:inline-block}<\/style>\t\t\t\t<p id=\"viewer-foo\" class=\"mm8Nw _1j-51 roLFQS _1FoOD _78FBa sk96G9 roLFQS public-DraftStyleDefault-block-depth0 fixed-tab-size public-DraftStyleDefault-text-ltr\"><span class=\"_2PHJq public-DraftStyleDefault-ltr\"><strong>Ein Kurzurlaub dieser Art ist eine ideale Option, um den Fr\u00fchling zu genie\u00dfen. Es gibt viele weniger bekannte Routen in Portugal und Spanien, die Reisende \u00fcberraschen.<\/strong><\/span><\/p><p class=\"mm8Nw _1j-51 roLFQS _1FoOD _78FBa sk96G9 roLFQS public-DraftStyleDefault-block-depth0 fixed-tab-size public-DraftStyleDefault-text-ltr\"><span class=\"_2PHJq public-DraftStyleDefault-ltr\">Das gute Wetter beg\u00fcnstigt auch die Lust auf Aktivit\u00e4ten im Freien. Die Wahl und Entdeckung einer Themenroute macht diesen Ausflug zu einem Abenteuer, sowohl historisch als auch im Kontakt mit der Natur.<\/span><\/p><div id=\"viewer-2152f\" class=\"_2vd5k b6lcWf\"><div class=\"_3VL_9 VgmBGL VgmBGL\"><div class=\"_2kEVY\" tabindex=\"0\" role=\"button\" data-hook=\"imageViewer\"><div id=\"new-image1486\" class=\"_3WJnn _2i-Gt _2Ybje\"><a href=\"https:\/\/udestinations.es\/wp-content\/uploads\/2023\/04\/primavera1.webp\"><img fetchpriority=\"high\" decoding=\"async\" class=\"wp-image-8301 alignright\" src=\"https:\/\/udestinations.es\/wp-content\/uploads\/2023\/04\/primavera1-300x143.webp\" alt=\"\" width=\"441\" height=\"210\" srcset=\"https:\/\/udestinations.es\/wp-content\/uploads\/2023\/04\/primavera1-300x143.webp 300w, https:\/\/udestinations.es\/wp-content\/uploads\/2023\/04\/primavera1-18x9.webp 18w, https:\/\/udestinations.es\/wp-content\/uploads\/2023\/04\/primavera1.webp 325w\" sizes=\"(max-width: 441px) 100vw, 441px\" \/><\/a>Die Regionen Alentejo, Centro in Portugal und Extremadura in Spanien beherbergen eine F\u00fclle von Orten, die von Weltkulturerbest\u00e4tten bis hin zu Denkm\u00e4lern von gro\u00dfer Bedeutung wie Naturschutzgebieten, Stauseen und Naturpfaden reichen.<\/div><\/div><\/div><\/div><div data-hook=\"rcv-block5\">\u00a0<\/div><h6>\u00a0<\/h6><h6>\u00a0<\/h6><h6 id=\"viewer-2iui5\" class=\"_3qMKZ _1j-51 _1FoOD _78FBa sk96G9 roLFQS public-DraftStyleDefault-block-depth0 fixed-tab-size public-DraftStyleDefault-text-ltr\"><span class=\"_2PHJq public-DraftStyleDefault-ltr\" style=\"color: #ecd66c;\"><strong>1)<\/strong> <strong>Entdecken Sie die r\u00f6mische Geschichte zwischen C\u00e1ceres, Badajoz und Alentejo.<\/strong><\/span><\/h6><p class=\"_3qMKZ _1j-51 _1FoOD _78FBa sk96G9 roLFQS public-DraftStyleDefault-block-depth0 fixed-tab-size public-DraftStyleDefault-text-ltr\"><span class=\"_2PHJq public-DraftStyleDefault-ltr\">In der Antike waren diese Gebiete Teil der Provinz Lusitania des R\u00f6mischen Reiches, die sich in der Region Hispania befand. <\/span><\/p>\t\t\t\t\t\t<\/div>\n\t\t\t\t<\/div>\n\t\t\t\t<div class=\"elementor-element elementor-element-6324ddf elementor-widget elementor-widget-image\" data-id=\"6324ddf\" data-element_type=\"widget\" data-widget_type=\"image.default\">\n\t\t\t\t<div class=\"elementor-widget-container\">\n\t\t\t<style>\/*! elementor - v3.23.0 - 05-08-2024 *\/\n.elementor-widget-image{text-align:center}.elementor-widget-image a{display:inline-block}.elementor-widget-image a img[src$=\".svg\"]{width:48px}.elementor-widget-image img{vertical-align:middle;display:inline-block}<\/style>\t\t\t\t\t\t\t\t\t\t<img decoding=\"async\" width=\"1024\" height=\"482\" src=\"https:\/\/udestinations.es\/wp-content\/uploads\/2023\/04\/primavera2-1024x482.webp\" class=\"attachment-large size-large wp-image-8302\" alt=\"\" srcset=\"https:\/\/udestinations.es\/wp-content\/uploads\/2023\/04\/primavera2-1024x482.webp 1024w, https:\/\/udestinations.es\/wp-content\/uploads\/2023\/04\/primavera2-300x141.webp 300w, https:\/\/udestinations.es\/wp-content\/uploads\/2023\/04\/primavera2-768x361.webp 768w, https:\/\/udestinations.es\/wp-content\/uploads\/2023\/04\/primavera2-18x8.webp 18w, https:\/\/udestinations.es\/wp-content\/uploads\/2023\/04\/primavera2-600x282.webp 600w, https:\/\/udestinations.es\/wp-content\/uploads\/2023\/04\/primavera2.webp 1080w\" sizes=\"(max-width: 1024px) 100vw, 1024px\" \/>\t\t\t\t\t\t\t\t\t\t\t\t\t<\/div>\n\t\t\t\t<\/div>\n\t\t\t\t<div class=\"elementor-element elementor-element-f5a02c6 elementor-widget elementor-widget-text-editor\" data-id=\"f5a02c6\" data-element_type=\"widget\" data-widget_type=\"text-editor.default\">\n\t\t\t\t<div class=\"elementor-widget-container\">\n\t\t\t\t\t\t\t<p id=\"viewer-5gil5\" class=\"mm8Nw _1j-51 roLFQS _1FoOD _78FBa sk96G9 roLFQS public-DraftStyleDefault-block-depth0 fixed-tab-size public-DraftStyleDefault-text-ltr\"><span class=\"_2PHJq public-DraftStyleDefault-ltr\">Obwohl die alte Hauptstadt Emerita Augusta (heute M\u00e9rida) damals sehr wichtig war, gibt es andere St\u00e4dte, in denen noch Denkm\u00e4ler aus der R\u00f6merzeit erhalten sind.<\/span><\/p><p id=\"viewer-kor5\" class=\"mm8Nw _1j-51 roLFQS _1FoOD _78FBa sk96G9 roLFQS public-DraftStyleDefault-block-depth0 fixed-tab-size public-DraftStyleDefault-text-ltr\"><span class=\"_2PHJq public-DraftStyleDefault-ltr\">Bei dieser Route organisieren wir Ihre Reise je nach Ihrer Verf\u00fcgbarkeit und Ihren Interessen. Wir zeigen Ihnen die alten Theater, Zirkusse und Tempel, die in der Extremadura und in Portugal zur Freude aller in einem fantastischen Zustand erhalten sind.<\/span><\/p><p>\u00a0<\/p><h6 id=\"viewer-5lkfi\" class=\"_3qMKZ _1j-51 _1FoOD _78FBa sk96G9 roLFQS public-DraftStyleDefault-block-depth0 fixed-tab-size public-DraftStyleDefault-text-ltr\"><span class=\"_2PHJq public-DraftStyleDefault-ltr\" style=\"color: #ecd66c;\"><strong>2)<\/strong> <strong>Trekking zum Sammeln saisonaler Produkte<\/strong><\/span><\/h6><div id=\"viewer-2pmpd\" class=\"_2vd5k b6lcWf\"><div class=\"_17-_F vsUsHN vsUsHN\"><div class=\"_2kEVY\" tabindex=\"0\" role=\"button\" data-hook=\"imageViewer\"><div id=\"new-image1488\" class=\"_3WJnn _2i-Gt _2Ybje\"><a href=\"https:\/\/udestinations.es\/wp-content\/uploads\/2023\/04\/primavera3.webp\"><img decoding=\"async\" class=\"wp-image-8303 alignleft\" src=\"https:\/\/udestinations.es\/wp-content\/uploads\/2023\/04\/primavera3-300x200.webp\" alt=\"\" width=\"312\" height=\"208\" srcset=\"https:\/\/udestinations.es\/wp-content\/uploads\/2023\/04\/primavera3-300x200.webp 300w, https:\/\/udestinations.es\/wp-content\/uploads\/2023\/04\/primavera3-1024x682.webp 1024w, https:\/\/udestinations.es\/wp-content\/uploads\/2023\/04\/primavera3-768x512.webp 768w, https:\/\/udestinations.es\/wp-content\/uploads\/2023\/04\/primavera3-18x12.webp 18w, https:\/\/udestinations.es\/wp-content\/uploads\/2023\/04\/primavera3-930x620.webp 930w, https:\/\/udestinations.es\/wp-content\/uploads\/2023\/04\/primavera3-600x400.webp 600w, https:\/\/udestinations.es\/wp-content\/uploads\/2023\/04\/primavera3.webp 1280w\" sizes=\"(max-width: 312px) 100vw, 312px\" \/><\/a>Wie w\u00e4re es mit einer Aktivit\u00e4t im Freien, bei der Sie nicht nur durch die Natur wandern, sondern auch verschiedene Produkte der Region kennenlernen und probieren k\u00f6nnen? Eine weitere Route, f\u00fcr die sich unsere Kunden entscheiden, ist eine Trekkingtour, bei der sie an der Sammlung oder Ernte eines typischen Produkts der Region teilnehmen, wie z.B. Kirschen, Oliven, Pilze, Kastanienb\u00e4ume und andere.<\/div><\/div><\/div><\/div><div data-hook=\"rcv-block22\">\u00a0<\/div><div id=\"viewer-6ibf7\" class=\"mm8Nw _1j-51 roLFQS _1FoOD _78FBa sk96G9 roLFQS public-DraftStyleDefault-block-depth0 fixed-tab-size public-DraftStyleDefault-text-ltr\"><span class=\"_2PHJq public-DraftStyleDefault-ltr\">\u00a0<\/span><span class=\"_2PHJq public-DraftStyleDefault-ltr\">Die Fr\u00fchjahrs-\/Sommersaison ist f\u00fcr viele von ihnen ideal, insbesondere f\u00fcr die Kirsche, mit der Sie Spazierg\u00e4nge durch atemberaubende Landschaften unternehmen, aktiv an Verkostungen und der Ernte teilnehmen und schlie\u00dflich selbstgemachte Produkte wie Marmeladen und Konfit\u00fcren zum Mitnehmen zubereiten k\u00f6nnen. Genie\u00dfen Sie ein paar Tage der Entspannung und der freien Natur in Sicherheit.<\/span><\/div><div data-hook=\"rcv-block24\">\u00a0<\/div><div id=\"viewer-fm9u8\" class=\"mm8Nw _1j-51 roLFQS _1FoOD _78FBa sk96G9 roLFQS public-DraftStyleDefault-block-depth0 fixed-tab-size public-DraftStyleDefault-text-ltr\"><span class=\"_2PHJq public-DraftStyleDefault-ltr\">\u00a0<\/span><\/div><div class=\"mm8Nw _1j-51 roLFQS _1FoOD _78FBa sk96G9 roLFQS public-DraftStyleDefault-block-depth0 fixed-tab-size public-DraftStyleDefault-text-ltr\"><span class=\"_2PHJq public-DraftStyleDefault-ltr\" style=\"color: #ecd66c;\"><strong>3)<\/strong> <strong>Jeeptouren, um die weniger bekannte Fauna und Flora aus n\u00e4chster N\u00e4he zu beobachten.<\/strong><\/span><\/div><p id=\"viewer-5bnjq\" class=\"mm8Nw _1j-51 roLFQS _1FoOD _78FBa sk96G9 roLFQS public-DraftStyleDefault-block-depth0 fixed-tab-size public-DraftStyleDefault-text-ltr\"><span class=\"_2PHJq public-DraftStyleDefault-ltr\">Es gibt mehrere Orte in diesen Gebieten, die die M\u00f6glichkeit bieten, vom Komfort eines 4\u00d74 aus die Fauna und Flora der Region zu entdecken.<\/span><\/p><div id=\"viewer-8tse\" class=\"_2vd5k b6lcWf\"><div class=\"_3VL_9 VgmBGL VgmBGL\"><div class=\"_2kEVY\" tabindex=\"0\" role=\"button\" data-hook=\"imageViewer\"><div id=\"new-image1489\" class=\"_3WJnn _2i-Gt _2Ybje\"><a href=\"https:\/\/udestinations.es\/wp-content\/uploads\/2023\/04\/primavera4.webp\"><img loading=\"lazy\" decoding=\"async\" class=\"wp-image-8300 alignright\" src=\"https:\/\/udestinations.es\/wp-content\/uploads\/2023\/04\/primavera4-300x200.webp\" alt=\"\" width=\"347\" height=\"231\" srcset=\"https:\/\/udestinations.es\/wp-content\/uploads\/2023\/04\/primavera4-300x200.webp 300w, https:\/\/udestinations.es\/wp-content\/uploads\/2023\/04\/primavera4-1024x682.webp 1024w, https:\/\/udestinations.es\/wp-content\/uploads\/2023\/04\/primavera4-768x512.webp 768w, https:\/\/udestinations.es\/wp-content\/uploads\/2023\/04\/primavera4-1536x1024.webp 1536w, https:\/\/udestinations.es\/wp-content\/uploads\/2023\/04\/primavera4-18x12.webp 18w, https:\/\/udestinations.es\/wp-content\/uploads\/2023\/04\/primavera4-930x620.webp 930w, https:\/\/udestinations.es\/wp-content\/uploads\/2023\/04\/primavera4-600x400.webp 600w, https:\/\/udestinations.es\/wp-content\/uploads\/2023\/04\/primavera4.webp 2000w\" sizes=\"(max-width: 347px) 100vw, 347px\" \/><\/a><\/div><div class=\"\">Unter der Leitung von Fachleuten, die die Naturschutzgebiete am besten kennen, k\u00f6nnen Sie an Orten wie La Siberia, Monfrag\u00fce oder dem Naturpark S\u00fcdwest-Alentejo und Costa Vicentina verschiedene V\u00f6gel, Tiere und die Vegetation beobachten. <strong>M\u00f6chten Sie das?<\/strong><\/div><\/div><\/div><\/div><p id=\"viewer-9jeg5\" class=\"mm8Nw _1j-51 roLFQS _1FoOD _78FBa sk96G9 roLFQS public-DraftStyleDefault-block-depth0 fixed-tab-size public-DraftStyleDefault-text-ltr\"><span class=\"_2PHJq public-DraftStyleDefault-ltr\">Die M\u00f6glichkeit, eine Route zu machen, zieht viele Reisende an, die etwas Kompletteres als einen Kurzurlaub genie\u00dfen m\u00f6chten. Sie k\u00f6nnen unsere Optionen unverbindlich konsultieren und wir werden Ihnen gerne etwas Spezielles empfehlen.<\/span><\/p>\t\t\t\t\t\t<\/div>\n\t\t\t\t<\/div>\n\t\t\t\t\t<\/div>\n\t\t<\/div>\n\t\t\t\t\t<\/div>\n\t\t<\/section>\n\t\t\t\t<\/div>","protected":false},"excerpt":{"rendered":"<p>Descubra las mejores rutas para realizar en primavera Una peque\u00f1a escapada de este estilo es una opci\u00f3n id\u00f3nea para disfrutar en primavera. Existen muchas rutas no tan conocidas por Portugal y Espa\u00f1a que sorprenden a sus viajeros. El buen tiempo tambi\u00e9n favorece las ganas de realizar alguna actividad al aire libre. Entre ellas, escoger y&hellip;&nbsp;<a href=\"https:\/\/udestinations.es\/de\/descubralasmejoresrutaspararealizarenprimavera\/\" rel=\"bookmark\">Weiterlesen \"<span class=\"screen-reader-text\">Entdecken Sie die besten Routen f\u00fcr den Fr\u00fchling<\/span><\/a><\/p>","protected":false},"author":1,"featured_media":2065,"comment_status":"open","ping_status":"open","sticky":false,"template":"","format":"standard","meta":{"_acf_changed":false,"neve_meta_sidebar":"","neve_meta_container":"","neve_meta_enable_content_width":"off","neve_meta_content_width":70,"neve_meta_title_alignment":"","neve_meta_author_avatar":"","neve_post_elements_order":"[\"content\",\"tags\",\"comments\"]","neve_meta_disable_header":"","neve_meta_disable_footer":"","neve_meta_disable_title":"on","neve_meta_reading_time":"","footnotes":""},"categories":[1],"tags":[],"class_list":["post-8298","post","type-post","status-publish","format-standard","has-post-thumbnail","hentry","category-uncategorized"],"acf":[],"yoast_head":"<!-- This site is optimized with the Yoast SEO Premium plugin v20.1 (Yoast SEO v23.8) - https:\/\/yoast.com\/wordpress\/plugins\/seo\/ -->\n<title>Descubra las mejores rutas para realizar en primavera<\/title>\n<meta name=\"description\" content=\"Ribera del Guadiana. A lo largo y ancho de la Pen\u00ednsula Ib\u00e9rica, las regiones vin\u00edcolas de gran prestigio se suceden en el territorio.\" \/>\n<meta name=\"robots\" content=\"index, follow, max-snippet:-1, max-image-preview:large, max-video-preview:-1\" \/>\n<link rel=\"canonical\" href=\"https:\/\/udestinations.es\/de\/descubralasmejoresrutaspararealizarenprimavera\/\" \/>\n<meta property=\"og:locale\" content=\"de_DE\" \/>\n<meta property=\"og:type\" content=\"article\" \/>\n<meta property=\"og:title\" content=\"Descubra las mejores rutas para realizar en primavera\" \/>\n<meta property=\"og:description\" content=\"Ribera del Guadiana. A lo largo y ancho de la Pen\u00ednsula Ib\u00e9rica, las regiones vin\u00edcolas de gran prestigio se suceden en el territorio.\" \/>\n<meta property=\"og:url\" content=\"https:\/\/udestinations.es\/de\/descubralasmejoresrutaspararealizarenprimavera\/\" \/>\n<meta property=\"og:site_name\" content=\"uDestinations\" \/>\n<meta property=\"article:publisher\" content=\"https:\/\/www.facebook.com\/UDestinations.experiences\/\" \/>\n<meta property=\"article:published_time\" content=\"2023-03-20T08:58:26+00:00\" \/>\n<meta property=\"article:modified_time\" content=\"2023-04-27T10:15:03+00:00\" \/>\n<meta property=\"og:image\" content=\"https:\/\/udestinations.es\/wp-content\/uploads\/2023\/01\/villuercas_q6gqwz-scaled.jpg\" \/>\n\t<meta property=\"og:image:width\" content=\"2560\" \/>\n\t<meta property=\"og:image:height\" content=\"1009\" \/>\n\t<meta property=\"og:image:type\" content=\"image\/jpeg\" \/>\n<meta name=\"author\" content=\"admin\" \/>\n<meta name=\"twitter:card\" content=\"summary_large_image\" \/>\n<meta name=\"twitter:creator\" content=\"@udestinations_\" \/>\n<meta name=\"twitter:site\" content=\"@udestinations_\" \/>\n<meta name=\"twitter:label1\" content=\"Verfasst von\" \/>\n\t<meta name=\"twitter:data1\" content=\"admin\" \/>\n\t<meta name=\"twitter:label2\" content=\"Gesch\u00e4tzte Lesezeit\" \/>\n\t<meta name=\"twitter:data2\" content=\"2\u00a0Minuten\" \/>\n<script type=\"application\/ld+json\" class=\"yoast-schema-graph\">{\"@context\":\"https:\/\/schema.org\",\"@graph\":[{\"@type\":\"WebPage\",\"@id\":\"https:\/\/udestinations.es\/descubralasmejoresrutaspararealizarenprimavera\/\",\"url\":\"https:\/\/udestinations.es\/descubralasmejoresrutaspararealizarenprimavera\/\",\"name\":\"Descubra las mejores rutas para realizar en primavera\",\"isPartOf\":{\"@id\":\"https:\/\/udestinations.es\/de\/#website\"},\"primaryImageOfPage\":{\"@id\":\"https:\/\/udestinations.es\/descubralasmejoresrutaspararealizarenprimavera\/#primaryimage\"},\"image\":{\"@id\":\"https:\/\/udestinations.es\/descubralasmejoresrutaspararealizarenprimavera\/#primaryimage\"},\"thumbnailUrl\":\"https:\/\/udestinations.es\/wp-content\/uploads\/2023\/01\/villuercas_q6gqwz-scaled.jpg\",\"datePublished\":\"2023-03-20T08:58:26+00:00\",\"dateModified\":\"2023-04-27T10:15:03+00:00\",\"author\":{\"@id\":\"https:\/\/udestinations.es\/de\/#\/schema\/person\/8088e79ef2079e84ea76794d4334ee71\"},\"description\":\"Ribera del Guadiana. A lo largo y ancho de la Pen\u00ednsula Ib\u00e9rica, las regiones vin\u00edcolas de gran prestigio se suceden en el territorio.\",\"inLanguage\":\"de\",\"potentialAction\":[{\"@type\":\"ReadAction\",\"target\":[\"https:\/\/udestinations.es\/descubralasmejoresrutaspararealizarenprimavera\/\"]}]},{\"@type\":\"ImageObject\",\"inLanguage\":\"de\",\"@id\":\"https:\/\/udestinations.es\/descubralasmejoresrutaspararealizarenprimavera\/#primaryimage\",\"url\":\"https:\/\/udestinations.es\/wp-content\/uploads\/2023\/01\/villuercas_q6gqwz-scaled.jpg\",\"contentUrl\":\"https:\/\/udestinations.es\/wp-content\/uploads\/2023\/01\/villuercas_q6gqwz-scaled.jpg\",\"width\":2560,\"height\":1009},{\"@type\":\"WebSite\",\"@id\":\"https:\/\/udestinations.es\/de\/#website\",\"url\":\"https:\/\/udestinations.es\/de\/\",\"name\":\"uDestinations\",\"description\":\"\",\"potentialAction\":[{\"@type\":\"SearchAction\",\"target\":{\"@type\":\"EntryPoint\",\"urlTemplate\":\"https:\/\/udestinations.es\/de\/?s={search_term_string}\"},\"query-input\":{\"@type\":\"PropertyValueSpecification\",\"valueRequired\":true,\"valueName\":\"search_term_string\"}}],\"inLanguage\":\"de\"},{\"@type\":\"Person\",\"@id\":\"https:\/\/udestinations.es\/de\/#\/schema\/person\/8088e79ef2079e84ea76794d4334ee71\",\"name\":\"admin\",\"image\":{\"@type\":\"ImageObject\",\"inLanguage\":\"de\",\"@id\":\"https:\/\/udestinations.es\/de\/#\/schema\/person\/image\/\",\"url\":\"https:\/\/secure.gravatar.com\/avatar\/ff63818b95f758f630162236e11d96b8?s=96&d=mm&r=g\",\"contentUrl\":\"https:\/\/secure.gravatar.com\/avatar\/ff63818b95f758f630162236e11d96b8?s=96&d=mm&r=g\",\"caption\":\"admin\"}}]}<\/script>\n<!-- \/ Yoast SEO Premium plugin. -->","yoast_head_json":{"title":"Descubra las mejores rutas para realizar en primavera","description":"Ribera del Guadiana. A lo largo y ancho de la Pen\u00ednsula Ib\u00e9rica, las regiones vin\u00edcolas de gran prestigio se suceden en el territorio.","robots":{"index":"index","follow":"follow","max-snippet":"max-snippet:-1","max-image-preview":"max-image-preview:large","max-video-preview":"max-video-preview:-1"},"canonical":"https:\/\/udestinations.es\/de\/descubralasmejoresrutaspararealizarenprimavera\/","og_locale":"de_DE","og_type":"article","og_title":"Descubra las mejores rutas para realizar en primavera","og_description":"Ribera del Guadiana. A lo largo y ancho de la Pen\u00ednsula Ib\u00e9rica, las regiones vin\u00edcolas de gran prestigio se suceden en el territorio.","og_url":"https:\/\/udestinations.es\/de\/descubralasmejoresrutaspararealizarenprimavera\/","og_site_name":"uDestinations","article_publisher":"https:\/\/www.facebook.com\/UDestinations.experiences\/","article_published_time":"2023-03-20T08:58:26+00:00","article_modified_time":"2023-04-27T10:15:03+00:00","og_image":[{"width":2560,"height":1009,"url":"https:\/\/udestinations.es\/wp-content\/uploads\/2023\/01\/villuercas_q6gqwz-scaled.jpg","type":"image\/jpeg"}],"author":"admin","twitter_card":"summary_large_image","twitter_creator":"@udestinations_","twitter_site":"@udestinations_","twitter_misc":{"Verfasst von":"admin","Gesch\u00e4tzte Lesezeit":"2\u00a0Minuten"},"schema":{"@context":"https:\/\/schema.org","@graph":[{"@type":"WebPage","@id":"https:\/\/udestinations.es\/descubralasmejoresrutaspararealizarenprimavera\/","url":"https:\/\/udestinations.es\/descubralasmejoresrutaspararealizarenprimavera\/","name":"Descubra las mejores rutas para realizar en primavera","isPartOf":{"@id":"https:\/\/udestinations.es\/de\/#website"},"primaryImageOfPage":{"@id":"https:\/\/udestinations.es\/descubralasmejoresrutaspararealizarenprimavera\/#primaryimage"},"image":{"@id":"https:\/\/udestinations.es\/descubralasmejoresrutaspararealizarenprimavera\/#primaryimage"},"thumbnailUrl":"https:\/\/udestinations.es\/wp-content\/uploads\/2023\/01\/villuercas_q6gqwz-scaled.jpg","datePublished":"2023-03-20T08:58:26+00:00","dateModified":"2023-04-27T10:15:03+00:00","author":{"@id":"https:\/\/udestinations.es\/de\/#\/schema\/person\/8088e79ef2079e84ea76794d4334ee71"},"description":"Ribera del Guadiana. A lo largo y ancho de la Pen\u00ednsula Ib\u00e9rica, las regiones vin\u00edcolas de gran prestigio se suceden en el territorio.","inLanguage":"de","potentialAction":[{"@type":"ReadAction","target":["https:\/\/udestinations.es\/descubralasmejoresrutaspararealizarenprimavera\/"]}]},{"@type":"ImageObject","inLanguage":"de","@id":"https:\/\/udestinations.es\/descubralasmejoresrutaspararealizarenprimavera\/#primaryimage","url":"https:\/\/udestinations.es\/wp-content\/uploads\/2023\/01\/villuercas_q6gqwz-scaled.jpg","contentUrl":"https:\/\/udestinations.es\/wp-content\/uploads\/2023\/01\/villuercas_q6gqwz-scaled.jpg","width":2560,"height":1009},{"@type":"WebSite","@id":"https:\/\/udestinations.es\/de\/#website","url":"https:\/\/udestinations.es\/de\/","name":"uDestinations","description":"","potentialAction":[{"@type":"SearchAction","target":{"@type":"EntryPoint","urlTemplate":"https:\/\/udestinations.es\/de\/?s={search_term_string}"},"query-input":{"@type":"PropertyValueSpecification","valueRequired":true,"valueName":"search_term_string"}}],"inLanguage":"de"},{"@type":"Person","@id":"https:\/\/udestinations.es\/de\/#\/schema\/person\/8088e79ef2079e84ea76794d4334ee71","name":"admin","image":{"@type":"ImageObject","inLanguage":"de","@id":"https:\/\/udestinations.es\/de\/#\/schema\/person\/image\/","url":"https:\/\/secure.gravatar.com\/avatar\/ff63818b95f758f630162236e11d96b8?s=96&d=mm&r=g","contentUrl":"https:\/\/secure.gravatar.com\/avatar\/ff63818b95f758f630162236e11d96b8?s=96&d=mm&r=g","caption":"admin"}}]}},"_links":{"self":[{"href":"https:\/\/udestinations.es\/de\/wp-json\/wp\/v2\/posts\/8298","targetHints":{"allow":["GET"]}}],"collection":[{"href":"https:\/\/udestinations.es\/de\/wp-json\/wp\/v2\/posts"}],"about":[{"href":"https:\/\/udestinations.es\/de\/wp-json\/wp\/v2\/types\/post"}],"author":[{"embeddable":true,"href":"https:\/\/udestinations.es\/de\/wp-json\/wp\/v2\/users\/1"}],"replies":[{"embeddable":true,"href":"https:\/\/udestinations.es\/de\/wp-json\/wp\/v2\/comments?post=8298"}],"version-history":[{"count":8,"href":"https:\/\/udestinations.es\/de\/wp-json\/wp\/v2\/posts\/8298\/revisions"}],"predecessor-version":[{"id":8310,"href":"https:\/\/udestinations.es\/de\/wp-json\/wp\/v2\/posts\/8298\/revisions\/8310"}],"wp:featuredmedia":[{"embeddable":true,"href":"https:\/\/udestinations.es\/de\/wp-json\/wp\/v2\/media\/2065"}],"wp:attachment":[{"href":"https:\/\/udestinations.es\/de\/wp-json\/wp\/v2\/media?parent=8298"}],"wp:term":[{"taxonomy":"category","embeddable":true,"href":"https:\/\/udestinations.es\/de\/wp-json\/wp\/v2\/categories?post=8298"},{"taxonomy":"post_tag","embeddable":true,"href":"https:\/\/udestinations.es\/de\/wp-json\/wp\/v2\/tags?post=8298"}],"curies":[{"name":"wp","href":"https:\/\/api.w.org\/{rel}","templated":true}]}}