{"id":3824,"date":"2023-02-20T11:58:49","date_gmt":"2023-02-20T11:58:49","guid":{"rendered":"https:\/\/udestinations.es\/?p=3824"},"modified":"2023-04-27T10:18:13","modified_gmt":"2023-04-27T10:18:13","slug":"los-cinco-mejores-carnavales-de-la-peninsula-iberica","status":"publish","type":"post","link":"https:\/\/udestinations.es\/de\/los-cinco-mejores-carnavales-de-la-peninsula-iberica\/","title":{"rendered":"Die f\u00fcnf besten Karnevalsveranstaltungen auf der Iberischen Halbinsel"},"content":{"rendered":"<div data-elementor-type=\"wp-post\" data-elementor-id=\"3824\" class=\"elementor elementor-3824\" data-elementor-post-type=\"post\">\n\t\t\t\t\t\t<section data-particle_enable=\"false\" data-particle-mobile-disabled=\"false\" class=\"elementor-section elementor-top-section elementor-element elementor-element-391997d elementor-section-boxed elementor-section-height-default elementor-section-height-default\" data-id=\"391997d\" data-element_type=\"section\" data-settings=\"{&quot;background_background&quot;:&quot;classic&quot;}\">\n\t\t\t\t\t\t<div class=\"elementor-container elementor-column-gap-default\">\n\t\t\t\t\t<div class=\"elementor-column elementor-col-100 elementor-top-column elementor-element elementor-element-7e0278b\" data-id=\"7e0278b\" data-element_type=\"column\">\n\t\t\t<div class=\"elementor-widget-wrap elementor-element-populated\">\n\t\t\t\t\t\t<div class=\"elementor-element elementor-element-fdcebe3 elementor-widget elementor-widget-heading\" data-id=\"fdcebe3\" data-element_type=\"widget\" data-widget_type=\"heading.default\">\n\t\t\t\t<div class=\"elementor-widget-container\">\n\t\t\t<style>\/*! elementor - v3.23.0 - 05-08-2024 *\/\n.elementor-heading-title{padding:0;margin:0;line-height:1}.elementor-widget-heading .elementor-heading-title[class*=elementor-size-]>a{color:inherit;font-size:inherit;line-height:inherit}.elementor-widget-heading .elementor-heading-title.elementor-size-small{font-size:15px}.elementor-widget-heading .elementor-heading-title.elementor-size-medium{font-size:19px}.elementor-widget-heading .elementor-heading-title.elementor-size-large{font-size:29px}.elementor-widget-heading .elementor-heading-title.elementor-size-xl{font-size:39px}.elementor-widget-heading .elementor-heading-title.elementor-size-xxl{font-size:59px}<\/style><h2 class=\"elementor-heading-title elementor-size-default\">Die f\u00fcnf besten Karnevalsveranstaltungen auf der Iberischen Halbinsel<\/h2>\t\t<\/div>\n\t\t\t\t<\/div>\n\t\t\t\t<div class=\"elementor-element elementor-element-d121a82 elementor-widget elementor-widget-text-editor\" data-id=\"d121a82\" data-element_type=\"widget\" data-widget_type=\"text-editor.default\">\n\t\t\t\t<div class=\"elementor-widget-container\">\n\t\t\t<style>\/*! elementor - v3.23.0 - 05-08-2024 *\/\n.elementor-widget-text-editor.elementor-drop-cap-view-stacked .elementor-drop-cap{background-color:#69727d;color:#fff}.elementor-widget-text-editor.elementor-drop-cap-view-framed .elementor-drop-cap{color:#69727d;border:3px solid;background-color:transparent}.elementor-widget-text-editor:not(.elementor-drop-cap-view-default) .elementor-drop-cap{margin-top:8px}.elementor-widget-text-editor:not(.elementor-drop-cap-view-default) .elementor-drop-cap-letter{width:1em;height:1em}.elementor-widget-text-editor .elementor-drop-cap{float:left;text-align:center;line-height:1;font-size:50px}.elementor-widget-text-editor .elementor-drop-cap-letter{display:inline-block}<\/style>\t\t\t\t<p><span class=\"_2PHJq public-DraftStyleDefault-ltr\">Karneval ist ein Fest, das \u00fcberall auf der Welt gefeiert wird und das es uns erm\u00f6glicht, ein paar Tage lang eine Explosion von Musik und Farben zu erleben und unserer Fantasie freien Lauf zu lassen. Dieses Fest, das vor Freude und Enthusiasmus nur so strotzt, hat je nach Kultur und Land, in dem es gefeiert wird, seine eigenen Besonderheiten. <\/span><\/p>\t\t\t\t\t\t<\/div>\n\t\t\t\t<\/div>\n\t\t\t\t<div class=\"elementor-element elementor-element-2210861 elementor-widget elementor-widget-image\" data-id=\"2210861\" data-element_type=\"widget\" data-widget_type=\"image.default\">\n\t\t\t\t<div class=\"elementor-widget-container\">\n\t\t\t<style>\/*! elementor - v3.23.0 - 05-08-2024 *\/\n.elementor-widget-image{text-align:center}.elementor-widget-image a{display:inline-block}.elementor-widget-image a img[src$=\".svg\"]{width:48px}.elementor-widget-image img{vertical-align:middle;display:inline-block}<\/style>\t\t\t\t\t\t\t<figure class=\"wp-caption\">\n\t\t\t\t\t\t\t\t\t\t\t<a href=\"https:\/\/www.turismoextremadura.com\/\" target=\"_blank\">\n\t\t\t\t\t\t\t<img fetchpriority=\"high\" decoding=\"async\" width=\"1024\" height=\"684\" src=\"https:\/\/udestinations.es\/wp-content\/uploads\/2023\/02\/Foto-portada-2-Turismo-extremadura_vpzqcy-1024x684.webp\" class=\"attachment-large size-large wp-image-3826\" alt=\"\" srcset=\"https:\/\/udestinations.es\/wp-content\/uploads\/2023\/02\/Foto-portada-2-Turismo-extremadura_vpzqcy-1024x684.webp 1024w, https:\/\/udestinations.es\/wp-content\/uploads\/2023\/02\/Foto-portada-2-Turismo-extremadura_vpzqcy-300x200.webp 300w, https:\/\/udestinations.es\/wp-content\/uploads\/2023\/02\/Foto-portada-2-Turismo-extremadura_vpzqcy-768x513.webp 768w, https:\/\/udestinations.es\/wp-content\/uploads\/2023\/02\/Foto-portada-2-Turismo-extremadura_vpzqcy-18x12.webp 18w, https:\/\/udestinations.es\/wp-content\/uploads\/2023\/02\/Foto-portada-2-Turismo-extremadura_vpzqcy-930x620.webp 930w, https:\/\/udestinations.es\/wp-content\/uploads\/2023\/02\/Foto-portada-2-Turismo-extremadura_vpzqcy-600x401.webp 600w, https:\/\/udestinations.es\/wp-content\/uploads\/2023\/02\/Foto-portada-2-Turismo-extremadura_vpzqcy.webp 1185w\" sizes=\"(max-width: 1024px) 100vw, 1024px\" \/>\t\t\t\t\t\t\t\t<\/a>\n\t\t\t\t\t\t\t\t\t\t\t<figcaption class=\"widget-image-caption wp-caption-text\">Quelle: turismoextremadura.com<\/figcaption>\n\t\t\t\t\t\t\t\t\t\t<\/figure>\n\t\t\t\t\t\t\t<\/div>\n\t\t\t\t<\/div>\n\t\t\t\t<div class=\"elementor-element elementor-element-bd18cca elementor-widget elementor-widget-text-editor\" data-id=\"bd18cca\" data-element_type=\"widget\" data-widget_type=\"text-editor.default\">\n\t\t\t\t<div class=\"elementor-widget-container\">\n\t\t\t\t\t\t\t<p><span class=\"_2PHJq public-DraftStyleDefault-ltr\">Die Karnevalsfeste, die Sie wahrscheinlich am besten kennen, sind die von Venedig oder Brasilien, aber auch die der Iberischen Halbinsel haben eine lange Tradition und sind international bekannt. Wenn Sie mehr dar\u00fcber erfahren m\u00f6chten, finden Sie hier die f\u00fcnf ber\u00fchmtesten Karnevalsveranstaltungen in Spanien und Portugal.<\/span><\/p>\t\t\t\t\t\t<\/div>\n\t\t\t\t<\/div>\n\t\t\t\t<div class=\"elementor-element elementor-element-cbaf743 elementor-widget elementor-widget-text-editor\" data-id=\"cbaf743\" data-element_type=\"widget\" data-widget_type=\"text-editor.default\">\n\t\t\t\t<div class=\"elementor-widget-container\">\n\t\t\t\t\t\t\t<figure id=\"attachment_4138\" aria-describedby=\"caption-attachment-4138\" style=\"width: 300px\" class=\"wp-caption alignright\"><a href=\"https:\/\/udestinations.es\/wp-content\/uploads\/2023\/02\/Cadiz-turismo-chirigotas_jx8glf.webp\"><img decoding=\"async\" class=\"wp-image-4138 size-medium\" src=\"https:\/\/udestinations.es\/wp-content\/uploads\/2023\/02\/Cadiz-turismo-chirigotas_jx8glf-300x208.webp\" alt=\"\" width=\"300\" height=\"208\" srcset=\"https:\/\/udestinations.es\/wp-content\/uploads\/2023\/02\/Cadiz-turismo-chirigotas_jx8glf-300x208.webp 300w, https:\/\/udestinations.es\/wp-content\/uploads\/2023\/02\/Cadiz-turismo-chirigotas_jx8glf-1024x709.webp 1024w, https:\/\/udestinations.es\/wp-content\/uploads\/2023\/02\/Cadiz-turismo-chirigotas_jx8glf-768x532.webp 768w, https:\/\/udestinations.es\/wp-content\/uploads\/2023\/02\/Cadiz-turismo-chirigotas_jx8glf-1536x1063.webp 1536w, https:\/\/udestinations.es\/wp-content\/uploads\/2023\/02\/Cadiz-turismo-chirigotas_jx8glf-18x12.webp 18w, https:\/\/udestinations.es\/wp-content\/uploads\/2023\/02\/Cadiz-turismo-chirigotas_jx8glf-600x415.webp 600w, https:\/\/udestinations.es\/wp-content\/uploads\/2023\/02\/Cadiz-turismo-chirigotas_jx8glf.webp 1560w\" sizes=\"(max-width: 300px) 100vw, 300px\" \/><\/a><figcaption id=\"caption-attachment-4138\" class=\"wp-caption-text\">Quelle: cadizturismo.com<\/figcaption><\/figure><h6><span class=\"_2PHJq public-DraftStyleDefault-ltr\" style=\"color: #ecd66c;\">Karneval von C\u00e1diz<\/span><\/h6><p><span class=\"_2PHJq public-DraftStyleDefault-ltr\">Der Karneval von C\u00e1diz, im S\u00fcden Spaniens, ist einer der bekanntesten des Landes. Er zeichnet sich nicht nur dadurch aus, dass er ein Fest voller Farben und Musik ist, sondern auch durch die gro\u00dfe Dosis Humor und Satire, die in den Texten der Lieder des ber\u00fchmten <a class=\"_3Bkfb _1lsz7\" href=\"https:\/\/es.wikipedia.org\/wiki\/Chirigota\" target=\"_blank\" rel=\"noopener noreferrer\" data-hook=\"linkViewer\"><u class=\"_3zM-5\">#chirigotas <\/u><\/a>(Musikgruppen, die auf den Stra\u00dfen singen). In C\u00e1diz ist es au\u00dferdem Tradition, w\u00e4hrend des Karnevals \"la Pesti\u00f1\u00e1\" zu feiern, bei der Folgendes angeboten wird <a class=\"_3Bkfb _1lsz7\" href=\"https:\/\/www.instagram.com\/explore\/tags\/pesti%C3%B1os\/\" target=\"_blank\" rel=\"noopener noreferrer\" data-hook=\"linkViewer\"><u class=\"_3zM-5\">#pesti\u00f1os<\/u><\/a>eine f\u00fcr die Gegend typische S\u00fc\u00dfigkeit, um Besucher in die Stadt zu locken.\u00a0 <\/span><\/p><p><span class=\"_2PHJq public-DraftStyleDefault-ltr\">Normalerweise findet dieser Karneval Mitte Februar statt, aber dieses Jahr k\u00f6nnen wir ihn erst im Juni genie\u00dfen, da er wegen der Pandemie verschoben werden musste.<\/span><\/p>\t\t\t\t\t\t<\/div>\n\t\t\t\t<\/div>\n\t\t\t\t<div class=\"elementor-element elementor-element-c9240d4 elementor-widget elementor-widget-text-editor\" data-id=\"c9240d4\" data-element_type=\"widget\" data-widget_type=\"text-editor.default\">\n\t\t\t\t<div class=\"elementor-widget-container\">\n\t\t\t\t\t\t\t<h6><span class=\"_2PHJq public-DraftStyleDefault-ltr\"><span style=\"color: #ecd66c;\">Karneval in Santa Cruz de Tenerife<\/span><\/span><\/h6><figure id=\"attachment_3835\" aria-describedby=\"caption-attachment-3835\" style=\"width: 300px\" class=\"wp-caption alignleft\"><a href=\"https:\/\/www.webtenerife.com\/\"><img decoding=\"async\" class=\"wp-image-3835 size-medium\" src=\"https:\/\/udestinations.es\/wp-content\/uploads\/2023\/02\/59ba77_e2ea81ec873545309f817e1405476776mv2-300x225.webp\" alt=\"\" width=\"300\" height=\"225\" srcset=\"https:\/\/udestinations.es\/wp-content\/uploads\/2023\/02\/59ba77_e2ea81ec873545309f817e1405476776mv2-300x225.webp 300w, https:\/\/udestinations.es\/wp-content\/uploads\/2023\/02\/59ba77_e2ea81ec873545309f817e1405476776mv2-16x12.webp 16w, https:\/\/udestinations.es\/wp-content\/uploads\/2023\/02\/59ba77_e2ea81ec873545309f817e1405476776mv2.webp 540w\" sizes=\"(max-width: 300px) 100vw, 300px\" \/><\/a><figcaption id=\"caption-attachment-3835\" class=\"wp-caption-text\">Quelle: webtenerife.es<\/figcaption><\/figure><p><span class=\"_2PHJq public-DraftStyleDefault-ltr\">Der Karneval von Santa Cruz ist einer der wichtigsten Karnevals der Welt und einer der sch\u00f6nsten und farbenpr\u00e4chtigsten, was die \u00c4sthetik betrifft. Es gibt verschiedene Shows und Wettbewerbe, aber es sind die Drag-Shows und die Karnevalsk\u00f6niginnen, die den Karneval dieser Inselstadt zweifelsohne einzigartig machen.<\/span><\/p><p><span class=\"_2PHJq public-DraftStyleDefault-ltr\">Touristen aus ganz Spanien und der Welt kommen jedes Jahr zu diesen Karnevalsveranstaltungen, angezogen von ihrer Sch\u00f6nheit, ihrer Musik und dem guten Klima auf den Kanarischen Inseln. Wie der Karneval in C\u00e1diz wird auch der Karneval in Santa Cruz in diesem Jahr auf Juni verschoben. Aber keine Sorge, denn wir haben noch mehr M\u00f6glichkeiten f\u00fcr Sie, dieses Fest wie ein echter Karnevalist zu erleben!<\/span><\/p>\t\t\t\t\t\t<\/div>\n\t\t\t\t<\/div>\n\t\t\t\t<div class=\"elementor-element elementor-element-9e5cf2a elementor-widget elementor-widget-text-editor\" data-id=\"9e5cf2a\" data-element_type=\"widget\" data-widget_type=\"text-editor.default\">\n\t\t\t\t<div class=\"elementor-widget-container\">\n\t\t\t\t\t\t\t<h6 id=\"viewer-43d8m\" class=\"mm8Nw _1j-51 roLFQS _1FoOD _78FBa sk96G9 roLFQS public-DraftStyleDefault-block-depth0 fixed-tab-size public-DraftStyleDefault-text-ltr\"><span class=\"_2PHJq public-DraftStyleDefault-ltr\" style=\"color: #ecd66c;\"><strong>Karneval<\/strong> <strong>von<\/strong> <strong>Badajoz<\/strong><\/span><\/h6><p id=\"viewer-6u2du\" class=\"mm8Nw _1j-51 roLFQS _1FoOD _78FBa sk96G9 roLFQS public-DraftStyleDefault-block-depth0 fixed-tab-size public-DraftStyleDefault-text-ltr\"><span class=\"_2PHJq public-DraftStyleDefault-ltr\">Der Karneval dieser Stadt in Extremadura geh\u00f6rt zu denen, die in den letzten Jahren am st\u00e4rksten gewachsen sind. Er hat eine so gro\u00dfe Bedeutung erlangt, dass er im vergangenen Januar zum Festival von internationalem touristischem Interesse erkl\u00e4rt wurde und zum drittwichtigsten Karneval Spaniens wurde. <\/span><\/p><p id=\"viewer-fcvjn\" class=\"mm8Nw _1j-51 roLFQS _1FoOD _78FBa sk96G9 roLFQS public-DraftStyleDefault-block-depth0 fixed-tab-size public-DraftStyleDefault-text-ltr\"><span class=\"_2PHJq public-DraftStyleDefault-ltr\">Der H\u00f6hepunkt dieser Karnevalsveranstaltungen ist die <a class=\"_3Bkfb _1lsz7\" href=\"https:\/\/es.wikipedia.org\/wiki\/Murga\" target=\"_blank\" rel=\"noopener noreferrer\" data-hook=\"linkViewer\"><u class=\"_3zM-5\">#murgas <\/u><\/a>(so werden die Musikgruppen in der Stadt Badajoz genannt) und die <a class=\"_3Bkfb _1lsz7\" href=\"https:\/\/es.wikipedia.org\/wiki\/Comparsa_(carnaval)\" target=\"_blank\" rel=\"noopener noreferrer\" data-hook=\"linkViewer\"><u class=\"_3zM-5\">#Vergleiche<\/u><\/a> (Tanzgruppen). W\u00e4hrend dieser Tage finden Sie in verschiedenen Gegenden der Stadt Murgas und Comparsas, die den Einwohnern der Stadt Musik und T\u00e4nze nahebringen. Wenn Sie den Karneval in Badajoz besuchen, d\u00fcrfen Sie auf keinen Fall die gro\u00dfe Parade der Comparsas verpassen, die dank der gro\u00dfartigen Darbietung der mehr als 7.000 Teilnehmer aus der gesamten Extremadura und Spanien als die beste in Europa gilt.<\/span><\/p><p><span class=\"_2PHJq public-DraftStyleDefault-ltr\">Hier finden Sie eine Zusammenfassung des Karnevals. <\/span><\/p>\t\t\t\t\t\t<\/div>\n\t\t\t\t<\/div>\n\t\t\t\t<div class=\"elementor-element elementor-element-93b0bfc elementor-widget elementor-widget-video\" data-id=\"93b0bfc\" data-element_type=\"widget\" data-settings=\"{&quot;video_type&quot;:&quot;hosted&quot;,&quot;controls&quot;:&quot;yes&quot;}\" data-widget_type=\"video.default\">\n\t\t\t\t<div class=\"elementor-widget-container\">\n\t\t\t<style>\/*! elementor - v3.23.0 - 05-08-2024 *\/\n.elementor-widget-video .elementor-widget-container{overflow:hidden;transform:translateZ(0)}.elementor-widget-video .elementor-wrapper{aspect-ratio:var(--video-aspect-ratio)}.elementor-widget-video .elementor-wrapper iframe,.elementor-widget-video .elementor-wrapper video{height:100%;width:100%;display:flex;border:none;background-color:#000}@supports not (aspect-ratio:1\/1){.elementor-widget-video .elementor-wrapper{position:relative;overflow:hidden;height:0;padding-bottom:calc(100% \/ var(--video-aspect-ratio))}.elementor-widget-video .elementor-wrapper iframe,.elementor-widget-video .elementor-wrapper video{position:absolute;top:0;right:0;bottom:0;left:0}}.elementor-widget-video .elementor-open-inline .elementor-custom-embed-image-overlay{position:absolute;top:0;right:0;bottom:0;left:0;background-size:cover;background-position:50%}.elementor-widget-video .elementor-custom-embed-image-overlay{cursor:pointer;text-align:center}.elementor-widget-video .elementor-custom-embed-image-overlay:hover .elementor-custom-embed-play i{opacity:1}.elementor-widget-video .elementor-custom-embed-image-overlay img{display:block;width:100%;aspect-ratio:var(--video-aspect-ratio);-o-object-fit:cover;object-fit:cover;-o-object-position:center center;object-position:center center}@supports not (aspect-ratio:1\/1){.elementor-widget-video .elementor-custom-embed-image-overlay{position:relative;overflow:hidden;height:0;padding-bottom:calc(100% \/ var(--video-aspect-ratio))}.elementor-widget-video .elementor-custom-embed-image-overlay img{position:absolute;top:0;right:0;bottom:0;left:0}}.elementor-widget-video .e-hosted-video .elementor-video{-o-object-fit:cover;object-fit:cover}.e-con-inner>.elementor-widget-video,.e-con>.elementor-widget-video{width:var(--container-widget-width);--flex-grow:var(--container-widget-flex-grow)}<\/style>\t\t<div class=\"e-hosted-video elementor-wrapper elementor-open-inline\">\n\t\t\t\t\t<video class=\"elementor-video\" src=\"https:\/\/udestinations.es\/wp-content\/uploads\/2023\/02\/10000000_3380823155267492_3947029095261797835_n_spz9c9.mp4\" controls=\"\" preload=\"metadata\" controlslist=\"nodownload\"><\/video>\n\t\t\t\t<\/div>\n\t\t\t\t<\/div>\n\t\t\t\t<\/div>\n\t\t\t\t<div class=\"elementor-element elementor-element-4752810 elementor-widget elementor-widget-text-editor\" data-id=\"4752810\" data-element_type=\"widget\" data-widget_type=\"text-editor.default\">\n\t\t\t\t<div class=\"elementor-widget-container\">\n\t\t\t\t\t\t\t<div class=\"wp-block-kadence-column inner-column-1 kadence-column_a78559-89\"><div class=\"kt-inside-inner-col\"><figure id=\"attachment_3860\" aria-describedby=\"caption-attachment-3860\" style=\"width: 300px\" class=\"wp-caption alignright\"><a href=\"https:\/\/carnavalesmundo.org\/\"><img loading=\"lazy\" decoding=\"async\" class=\"wp-image-3860 size-medium\" src=\"https:\/\/udestinations.es\/wp-content\/uploads\/2023\/02\/Cabecudos-carnavales-por-el-mundo-torres-vedras_n22w2a-300x215.webp\" alt=\"\" width=\"300\" height=\"215\" srcset=\"https:\/\/udestinations.es\/wp-content\/uploads\/2023\/02\/Cabecudos-carnavales-por-el-mundo-torres-vedras_n22w2a-300x215.webp 300w, https:\/\/udestinations.es\/wp-content\/uploads\/2023\/02\/Cabecudos-carnavales-por-el-mundo-torres-vedras_n22w2a-18x12.webp 18w, https:\/\/udestinations.es\/wp-content\/uploads\/2023\/02\/Cabecudos-carnavales-por-el-mundo-torres-vedras_n22w2a-600x429.webp 600w, https:\/\/udestinations.es\/wp-content\/uploads\/2023\/02\/Cabecudos-carnavales-por-el-mundo-torres-vedras_n22w2a.webp 700w\" sizes=\"(max-width: 300px) 100vw, 300px\" \/><\/a><figcaption id=\"caption-attachment-3860\" class=\"wp-caption-text\">Quelle: carnavalesmundo.org<\/figcaption><\/figure><h6 id=\"viewer-1857o\" class=\"mm8Nw _1j-51 roLFQS _1FoOD _78FBa sk96G9 roLFQS public-DraftStyleDefault-block-depth0 fixed-tab-size public-DraftStyleDefault-text-ltr\"><span class=\"_2PHJq public-DraftStyleDefault-ltr\" style=\"color: #ecd66c;\"><strong>Karneval<\/strong> <strong>von<\/strong> <strong>T\u00fcrme<\/strong> <strong>Vedras<\/strong><\/span><\/h6><p>Der Karneval von Torres Vedras, im Bezirk Lissabon, ist der ber\u00fchmteste Karneval in Portugal. Das Besondere an diesem Fest ist, dass jedes Jahr ein anderes Thema gew\u00e4hlt wird, um das herum der Karneval organisiert wird. Andere typische Elemente des Karnevals in dieser Stadt sind die \"#Matrafonas\" (als Frauen verkleidete M\u00e4nner), die \"cabe\u00e7udos\" (Figuren mit \u00fcbertriebenen Gesichtern und Gesichtsz\u00fcgen) und die \"Z\u00e9s Pereiras\" (eine Gruppe von Musikern).<\/p><p><span class=\"_2PHJq public-DraftStyleDefault-ltr\">Der Karneval von Torres Vedras hat in den Sommermonaten meist eine Vorpremiere am Strand, mit Aktivit\u00e4ten wie Konzerten und Tanzvorf\u00fchrungen. <\/span><\/p><\/div><\/div>\t\t\t\t\t\t<\/div>\n\t\t\t\t<\/div>\n\t\t\t\t<div class=\"elementor-element elementor-element-1e937ac elementor-widget elementor-widget-text-editor\" data-id=\"1e937ac\" data-element_type=\"widget\" data-widget_type=\"text-editor.default\">\n\t\t\t\t<div class=\"elementor-widget-container\">\n\t\t\t\t\t\t\t<h6 id=\"viewer-9kn1m\" class=\"mm8Nw _1j-51 roLFQS _1FoOD _78FBa sk96G9 roLFQS public-DraftStyleDefault-block-depth0 fixed-tab-size public-DraftStyleDefault-text-ltr\"><span class=\"_2PHJq public-DraftStyleDefault-ltr\" style=\"color: #ecd66c;\"><strong>Karneval<\/strong> <strong>von<\/strong> <strong>Ovar<\/strong><\/span><\/h6><p>Dieser Karneval im Bezirk Aveiro in Portugal ist einer der extravagantesten Karnevals des Landes und gilt als das Epizentrum des portugiesischen Karnevals. Das \"gande festa da cidade\", wie es in Ovar genannt wird, hat so einzigartige und pers\u00f6nliche Traditionen wie die Nacht der #Farrapada, in der n\u00e4chtliche Spazierg\u00e4nge und Paraden durch die mit Lichtern und Dekorationen geschm\u00fcckte Stadt stattfinden. W\u00e4hrend dieses Karnevals ist es ein Muss, die Parade der Sambaschulen zu sehen, die die Stadt mit lateinamerikanischen Rhythmen und viel Farbe erf\u00fcllen. Sie d\u00fcrfen diesen Karneval nicht verpassen, der seit mehr als 50 Jahren stattfindet und als der \u00e4lteste in Portugal gilt.<\/p>\t\t\t\t\t\t<\/div>\n\t\t\t\t<\/div>\n\t\t\t\t<div class=\"elementor-element elementor-element-29ae2c2 elementor-widget elementor-widget-image\" data-id=\"29ae2c2\" data-element_type=\"widget\" data-widget_type=\"image.default\">\n\t\t\t\t<div class=\"elementor-widget-container\">\n\t\t\t\t\t\t\t\t\t\t<figure class=\"wp-caption\">\n\t\t\t\t\t\t\t\t\t\t\t<a href=\"https:\/\/carnavalesmundo.org\/\">\n\t\t\t\t\t\t\t<img loading=\"lazy\" decoding=\"async\" width=\"839\" height=\"600\" src=\"https:\/\/udestinations.es\/wp-content\/uploads\/2023\/02\/59ba77_5a01ed4449804a32a6a0e4e784e999e2mv2.webp\" class=\"attachment-large size-large wp-image-3861\" alt=\"\" srcset=\"https:\/\/udestinations.es\/wp-content\/uploads\/2023\/02\/59ba77_5a01ed4449804a32a6a0e4e784e999e2mv2.webp 839w, https:\/\/udestinations.es\/wp-content\/uploads\/2023\/02\/59ba77_5a01ed4449804a32a6a0e4e784e999e2mv2-300x215.webp 300w, https:\/\/udestinations.es\/wp-content\/uploads\/2023\/02\/59ba77_5a01ed4449804a32a6a0e4e784e999e2mv2-768x549.webp 768w, https:\/\/udestinations.es\/wp-content\/uploads\/2023\/02\/59ba77_5a01ed4449804a32a6a0e4e784e999e2mv2-18x12.webp 18w, https:\/\/udestinations.es\/wp-content\/uploads\/2023\/02\/59ba77_5a01ed4449804a32a6a0e4e784e999e2mv2-600x429.webp 600w\" sizes=\"(max-width: 839px) 100vw, 839px\" \/>\t\t\t\t\t\t\t\t<\/a>\n\t\t\t\t\t\t\t\t\t\t\t<figcaption class=\"widget-image-caption wp-caption-text\">Quelle: carnavalesdelmundo.org<\/figcaption>\n\t\t\t\t\t\t\t\t\t\t<\/figure>\n\t\t\t\t\t\t\t<\/div>\n\t\t\t\t<\/div>\n\t\t\t\t<div class=\"elementor-element elementor-element-c4396ec elementor-widget elementor-widget-text-editor\" data-id=\"c4396ec\" data-element_type=\"widget\" data-widget_type=\"text-editor.default\">\n\t\t\t\t<div class=\"elementor-widget-container\">\n\t\t\t\t\t\t\t<p id=\"viewer-e2kfm\" class=\"mm8Nw _1j-51 roLFQS _1FoOD _78FBa sk96G9 roLFQS public-DraftStyleDefault-block-depth0 fixed-tab-size public-DraftStyleDefault-text-ltr\"><span class=\"_2PHJq public-DraftStyleDefault-ltr\">Sie k\u00f6nnen den lusitanischen Karneval und den Karneval von Badajoz an ihren traditionellen Terminen, vom 26. Februar bis 1. M\u00e4rz, erleben. Diese Feste werden unter Einhaltung aller COVID-Schutzma\u00dfnahmen vorbereitet.<\/span><\/p><p id=\"viewer-2tamd\" class=\"mm8Nw _1j-51 roLFQS _1FoOD _78FBa sk96G9 roLFQS public-DraftStyleDefault-block-depth0 fixed-tab-size public-DraftStyleDefault-text-ltr\"><span class=\"_2PHJq public-DraftStyleDefault-ltr\">Dies sind einige der bekanntesten und am besten bewerteten Karnevalsveranstaltungen auf der Iberischen Halbinsel, aber Sie k\u00f6nnen dieses Fest auch an vielen anderen Orten in Spanien und Portugal und auf der ganzen Welt genie\u00dfen. <\/span><\/p><p id=\"viewer-1tjec\" class=\"mm8Nw _1j-51 roLFQS _1FoOD _78FBa sk96G9 roLFQS public-DraftStyleDefault-block-depth0 fixed-tab-size public-DraftStyleDefault-text-ltr\"><span class=\"_2PHJq public-DraftStyleDefault-ltr\">Wenn Sie mehr \u00fcber dieses besondere und unterhaltsame Fest wissen m\u00f6chten, wo Sie \u00fcbernachten k\u00f6nnen, die Termine und die besten Aktivit\u00e4ten, um den Karneval hautnah mitzuerleben, z\u00f6gern Sie nicht, uns zu kontaktieren. Wir werden f\u00fcr Sie oder Ihre Gruppe eine spezielle Reiseroute entwerfen und organisieren.<\/span><\/p><p class=\"kt-adv-heading_c131c4-96 ticss-4fc131c4 wp-block-kadence-advancedheading\" data-kb-block=\"kb-adv-heading_c131c4-96\">\u00a0<\/p>\t\t\t\t\t\t<\/div>\n\t\t\t\t<\/div>\n\t\t\t\t\t<\/div>\n\t\t<\/div>\n\t\t\t\t\t<\/div>\n\t\t<\/section>\n\t\t\t\t<\/div>","protected":false},"excerpt":{"rendered":"<p>Los cinco mejores carnavales de la Pen\u00ednsula Ib\u00e9rica Los carnavales son unas fiestas que se celebra por todos los rincones del mundo y nos permite empaparnos, por unos d\u00edas, en una explosi\u00f3n de m\u00fasica y color, y dejar volar nuestra imaginaci\u00f3n. Esta fiesta que rebosa alegr\u00eda y entusiasmo, tiene sus particularidades dependiendo de la cultura&hellip;&nbsp;<a href=\"https:\/\/udestinations.es\/de\/los-cinco-mejores-carnavales-de-la-peninsula-iberica\/\" rel=\"bookmark\">Weiterlesen \"<span class=\"screen-reader-text\">Die f\u00fcnf besten Karnevalsveranstaltungen auf der Iberischen Halbinsel<\/span><\/a><\/p>","protected":false},"author":1,"featured_media":3826,"comment_status":"open","ping_status":"open","sticky":false,"template":"","format":"standard","meta":{"_acf_changed":false,"neve_meta_sidebar":"","neve_meta_container":"","neve_meta_enable_content_width":"off","neve_meta_content_width":70,"neve_meta_title_alignment":"","neve_meta_author_avatar":"","neve_post_elements_order":"[\"content\",\"tags\",\"comments\"]","neve_meta_disable_header":"","neve_meta_disable_footer":"","neve_meta_disable_title":"on","neve_meta_reading_time":"","footnotes":""},"categories":[1],"tags":[],"class_list":["post-3824","post","type-post","status-publish","format-standard","has-post-thumbnail","hentry","category-uncategorized"],"acf":[],"yoast_head":"<!-- This site is optimized with the Yoast SEO Premium plugin v20.1 (Yoast SEO v23.8) - https:\/\/yoast.com\/wordpress\/plugins\/seo\/ -->\n<title>Los cinco mejores carnavales de la Pen\u00ednsula Ib\u00e9rica<\/title>\n<meta name=\"description\" content=\"Es probable que los carnavales que m\u00e1s conozcas sean el de Venecia o los de Brasil, pero los de la Pen\u00ednsula Ib\u00e9rica tambi\u00e9n tienen...\" \/>\n<meta name=\"robots\" content=\"index, follow, max-snippet:-1, max-image-preview:large, max-video-preview:-1\" \/>\n<link rel=\"canonical\" href=\"https:\/\/udestinations.es\/de\/los-cinco-mejores-carnavales-de-la-peninsula-iberica\/\" \/>\n<meta property=\"og:locale\" content=\"de_DE\" \/>\n<meta property=\"og:type\" content=\"article\" \/>\n<meta property=\"og:title\" content=\"Los cinco mejores carnavales de la Pen\u00ednsula Ib\u00e9rica\" \/>\n<meta property=\"og:description\" content=\"Es probable que los carnavales que m\u00e1s conozcas sean el de Venecia o los de Brasil, pero los de la Pen\u00ednsula Ib\u00e9rica tambi\u00e9n tienen...\" \/>\n<meta property=\"og:url\" content=\"https:\/\/udestinations.es\/de\/los-cinco-mejores-carnavales-de-la-peninsula-iberica\/\" \/>\n<meta property=\"og:site_name\" content=\"uDestinations\" \/>\n<meta property=\"article:publisher\" content=\"https:\/\/www.facebook.com\/UDestinations.experiences\/\" \/>\n<meta property=\"article:published_time\" content=\"2023-02-20T11:58:49+00:00\" \/>\n<meta property=\"article:modified_time\" content=\"2023-04-27T10:18:13+00:00\" \/>\n<meta property=\"og:image\" content=\"https:\/\/udestinations.es\/wp-content\/uploads\/2023\/02\/Foto-portada-2-Turismo-extremadura_vpzqcy.webp\" \/>\n\t<meta property=\"og:image:width\" content=\"1185\" \/>\n\t<meta property=\"og:image:height\" content=\"791\" \/>\n\t<meta property=\"og:image:type\" content=\"image\/webp\" \/>\n<meta name=\"author\" content=\"admin\" \/>\n<meta name=\"twitter:card\" content=\"summary_large_image\" \/>\n<meta name=\"twitter:creator\" content=\"@udestinations_\" \/>\n<meta name=\"twitter:site\" content=\"@udestinations_\" \/>\n<meta name=\"twitter:label1\" content=\"Verfasst von\" \/>\n\t<meta name=\"twitter:data1\" content=\"admin\" \/>\n\t<meta name=\"twitter:label2\" content=\"Gesch\u00e4tzte Lesezeit\" \/>\n\t<meta name=\"twitter:data2\" content=\"5\u00a0Minuten\" \/>\n<script type=\"application\/ld+json\" class=\"yoast-schema-graph\">{\"@context\":\"https:\/\/schema.org\",\"@graph\":[{\"@type\":\"WebPage\",\"@id\":\"https:\/\/udestinations.es\/los-cinco-mejores-carnavales-de-la-peninsula-iberica\/\",\"url\":\"https:\/\/udestinations.es\/los-cinco-mejores-carnavales-de-la-peninsula-iberica\/\",\"name\":\"Los cinco mejores carnavales de la Pen\u00ednsula Ib\u00e9rica\",\"isPartOf\":{\"@id\":\"https:\/\/udestinations.es\/de\/#website\"},\"primaryImageOfPage\":{\"@id\":\"https:\/\/udestinations.es\/los-cinco-mejores-carnavales-de-la-peninsula-iberica\/#primaryimage\"},\"image\":{\"@id\":\"https:\/\/udestinations.es\/los-cinco-mejores-carnavales-de-la-peninsula-iberica\/#primaryimage\"},\"thumbnailUrl\":\"https:\/\/udestinations.es\/wp-content\/uploads\/2023\/02\/Foto-portada-2-Turismo-extremadura_vpzqcy.webp\",\"datePublished\":\"2023-02-20T11:58:49+00:00\",\"dateModified\":\"2023-04-27T10:18:13+00:00\",\"author\":{\"@id\":\"https:\/\/udestinations.es\/de\/#\/schema\/person\/8088e79ef2079e84ea76794d4334ee71\"},\"description\":\"Es probable que los carnavales que m\u00e1s conozcas sean el de Venecia o los de Brasil, pero los de la Pen\u00ednsula Ib\u00e9rica tambi\u00e9n tienen...\",\"inLanguage\":\"de\",\"potentialAction\":[{\"@type\":\"ReadAction\",\"target\":[\"https:\/\/udestinations.es\/los-cinco-mejores-carnavales-de-la-peninsula-iberica\/\"]}]},{\"@type\":\"ImageObject\",\"inLanguage\":\"de\",\"@id\":\"https:\/\/udestinations.es\/los-cinco-mejores-carnavales-de-la-peninsula-iberica\/#primaryimage\",\"url\":\"https:\/\/udestinations.es\/wp-content\/uploads\/2023\/02\/Foto-portada-2-Turismo-extremadura_vpzqcy.webp\",\"contentUrl\":\"https:\/\/udestinations.es\/wp-content\/uploads\/2023\/02\/Foto-portada-2-Turismo-extremadura_vpzqcy.webp\",\"width\":1185,\"height\":791,\"caption\":\"Fuente: turismoextremadura.com\"},{\"@type\":\"WebSite\",\"@id\":\"https:\/\/udestinations.es\/de\/#website\",\"url\":\"https:\/\/udestinations.es\/de\/\",\"name\":\"uDestinations\",\"description\":\"\",\"potentialAction\":[{\"@type\":\"SearchAction\",\"target\":{\"@type\":\"EntryPoint\",\"urlTemplate\":\"https:\/\/udestinations.es\/de\/?s={search_term_string}\"},\"query-input\":{\"@type\":\"PropertyValueSpecification\",\"valueRequired\":true,\"valueName\":\"search_term_string\"}}],\"inLanguage\":\"de\"},{\"@type\":\"Person\",\"@id\":\"https:\/\/udestinations.es\/de\/#\/schema\/person\/8088e79ef2079e84ea76794d4334ee71\",\"name\":\"admin\",\"image\":{\"@type\":\"ImageObject\",\"inLanguage\":\"de\",\"@id\":\"https:\/\/udestinations.es\/de\/#\/schema\/person\/image\/\",\"url\":\"https:\/\/secure.gravatar.com\/avatar\/ff63818b95f758f630162236e11d96b8?s=96&d=mm&r=g\",\"contentUrl\":\"https:\/\/secure.gravatar.com\/avatar\/ff63818b95f758f630162236e11d96b8?s=96&d=mm&r=g\",\"caption\":\"admin\"}}]}<\/script>\n<!-- \/ Yoast SEO Premium plugin. -->","yoast_head_json":{"title":"Los cinco mejores carnavales de la Pen\u00ednsula Ib\u00e9rica","description":"Es probable que los carnavales que m\u00e1s conozcas sean el de Venecia o los de Brasil, pero los de la Pen\u00ednsula Ib\u00e9rica tambi\u00e9n tienen...","robots":{"index":"index","follow":"follow","max-snippet":"max-snippet:-1","max-image-preview":"max-image-preview:large","max-video-preview":"max-video-preview:-1"},"canonical":"https:\/\/udestinations.es\/de\/los-cinco-mejores-carnavales-de-la-peninsula-iberica\/","og_locale":"de_DE","og_type":"article","og_title":"Los cinco mejores carnavales de la Pen\u00ednsula Ib\u00e9rica","og_description":"Es probable que los carnavales que m\u00e1s conozcas sean el de Venecia o los de Brasil, pero los de la Pen\u00ednsula Ib\u00e9rica tambi\u00e9n tienen...","og_url":"https:\/\/udestinations.es\/de\/los-cinco-mejores-carnavales-de-la-peninsula-iberica\/","og_site_name":"uDestinations","article_publisher":"https:\/\/www.facebook.com\/UDestinations.experiences\/","article_published_time":"2023-02-20T11:58:49+00:00","article_modified_time":"2023-04-27T10:18:13+00:00","og_image":[{"width":1185,"height":791,"url":"https:\/\/udestinations.es\/wp-content\/uploads\/2023\/02\/Foto-portada-2-Turismo-extremadura_vpzqcy.webp","type":"image\/webp"}],"author":"admin","twitter_card":"summary_large_image","twitter_creator":"@udestinations_","twitter_site":"@udestinations_","twitter_misc":{"Verfasst von":"admin","Gesch\u00e4tzte Lesezeit":"5\u00a0Minuten"},"schema":{"@context":"https:\/\/schema.org","@graph":[{"@type":"WebPage","@id":"https:\/\/udestinations.es\/los-cinco-mejores-carnavales-de-la-peninsula-iberica\/","url":"https:\/\/udestinations.es\/los-cinco-mejores-carnavales-de-la-peninsula-iberica\/","name":"Los cinco mejores carnavales de la Pen\u00ednsula Ib\u00e9rica","isPartOf":{"@id":"https:\/\/udestinations.es\/de\/#website"},"primaryImageOfPage":{"@id":"https:\/\/udestinations.es\/los-cinco-mejores-carnavales-de-la-peninsula-iberica\/#primaryimage"},"image":{"@id":"https:\/\/udestinations.es\/los-cinco-mejores-carnavales-de-la-peninsula-iberica\/#primaryimage"},"thumbnailUrl":"https:\/\/udestinations.es\/wp-content\/uploads\/2023\/02\/Foto-portada-2-Turismo-extremadura_vpzqcy.webp","datePublished":"2023-02-20T11:58:49+00:00","dateModified":"2023-04-27T10:18:13+00:00","author":{"@id":"https:\/\/udestinations.es\/de\/#\/schema\/person\/8088e79ef2079e84ea76794d4334ee71"},"description":"Es probable que los carnavales que m\u00e1s conozcas sean el de Venecia o los de Brasil, pero los de la Pen\u00ednsula Ib\u00e9rica tambi\u00e9n tienen...","inLanguage":"de","potentialAction":[{"@type":"ReadAction","target":["https:\/\/udestinations.es\/los-cinco-mejores-carnavales-de-la-peninsula-iberica\/"]}]},{"@type":"ImageObject","inLanguage":"de","@id":"https:\/\/udestinations.es\/los-cinco-mejores-carnavales-de-la-peninsula-iberica\/#primaryimage","url":"https:\/\/udestinations.es\/wp-content\/uploads\/2023\/02\/Foto-portada-2-Turismo-extremadura_vpzqcy.webp","contentUrl":"https:\/\/udestinations.es\/wp-content\/uploads\/2023\/02\/Foto-portada-2-Turismo-extremadura_vpzqcy.webp","width":1185,"height":791,"caption":"Fuente: turismoextremadura.com"},{"@type":"WebSite","@id":"https:\/\/udestinations.es\/de\/#website","url":"https:\/\/udestinations.es\/de\/","name":"uDestinations","description":"","potentialAction":[{"@type":"SearchAction","target":{"@type":"EntryPoint","urlTemplate":"https:\/\/udestinations.es\/de\/?s={search_term_string}"},"query-input":{"@type":"PropertyValueSpecification","valueRequired":true,"valueName":"search_term_string"}}],"inLanguage":"de"},{"@type":"Person","@id":"https:\/\/udestinations.es\/de\/#\/schema\/person\/8088e79ef2079e84ea76794d4334ee71","name":"admin","image":{"@type":"ImageObject","inLanguage":"de","@id":"https:\/\/udestinations.es\/de\/#\/schema\/person\/image\/","url":"https:\/\/secure.gravatar.com\/avatar\/ff63818b95f758f630162236e11d96b8?s=96&d=mm&r=g","contentUrl":"https:\/\/secure.gravatar.com\/avatar\/ff63818b95f758f630162236e11d96b8?s=96&d=mm&r=g","caption":"admin"}}]}},"_links":{"self":[{"href":"https:\/\/udestinations.es\/de\/wp-json\/wp\/v2\/posts\/3824","targetHints":{"allow":["GET"]}}],"collection":[{"href":"https:\/\/udestinations.es\/de\/wp-json\/wp\/v2\/posts"}],"about":[{"href":"https:\/\/udestinations.es\/de\/wp-json\/wp\/v2\/types\/post"}],"author":[{"embeddable":true,"href":"https:\/\/udestinations.es\/de\/wp-json\/wp\/v2\/users\/1"}],"replies":[{"embeddable":true,"href":"https:\/\/udestinations.es\/de\/wp-json\/wp\/v2\/comments?post=3824"}],"version-history":[{"count":51,"href":"https:\/\/udestinations.es\/de\/wp-json\/wp\/v2\/posts\/3824\/revisions"}],"predecessor-version":[{"id":8497,"href":"https:\/\/udestinations.es\/de\/wp-json\/wp\/v2\/posts\/3824\/revisions\/8497"}],"wp:featuredmedia":[{"embeddable":true,"href":"https:\/\/udestinations.es\/de\/wp-json\/wp\/v2\/media\/3826"}],"wp:attachment":[{"href":"https:\/\/udestinations.es\/de\/wp-json\/wp\/v2\/media?parent=3824"}],"wp:term":[{"taxonomy":"category","embeddable":true,"href":"https:\/\/udestinations.es\/de\/wp-json\/wp\/v2\/categories?post=3824"},{"taxonomy":"post_tag","embeddable":true,"href":"https:\/\/udestinations.es\/de\/wp-json\/wp\/v2\/tags?post=3824"}],"curies":[{"name":"wp","href":"https:\/\/api.w.org\/{rel}","templated":true}]}}